{"id":85250,"date":"2020-05-12T11:36:00","date_gmt":"2020-05-12T15:36:00","guid":{"rendered":"https:\/\/linitiative.ca\/International\/ce-que-dira-fakhfakh-ce-soir-sur-france-24-pas-de-qalb-tounes-au-gouvernement-je-soumettrai-a-larp-letat-des-lieux-herite-de-youssef-chahed\/"},"modified":"2020-05-12T11:36:00","modified_gmt":"2020-05-12T15:36:00","slug":"ce-que-dira-fakhfakh-ce-soir-sur-france-24-pas-de-qalb-tounes-au-gouvernement-je-soumettrai-a-larp-letat-des-lieux-herite-de-youssef-chahed","status":"publish","type":"post","link":"https:\/\/linitiative.ca\/International\/ce-que-dira-fakhfakh-ce-soir-sur-france-24-pas-de-qalb-tounes-au-gouvernement-je-soumettrai-a-larp-letat-des-lieux-herite-de-youssef-chahed\/","title":{"rendered":"Ce que dira Fakhfakh ce soir sur France 24 : Pas de Qalb Tounes au gouvernement, je soumettrai \u00e0 l\u2019ARP l\u2019\u00e9tat des lieux h\u00e9rit\u00e9 de Youssef Chahed\u2026"},"content":{"rendered":"<p>Ely\u00e8s Fakhfakh a ouvertement d\u00e9clar\u00e9 son vrai camp\u00a0: Sa\u00efed, Abbou &amp; C\u00b0. \u00a0\u00bbC\u2019est mon gouvernement qui est celui de l\u2019unit\u00e9 nationale, affirmera-t-il en substance. Parfaite entente avec le pr\u00e9sident Kais Saied, mais la confiance au sein de gouvernement n\u2019est pas encore scell\u00e9e. Je ne c\u00e8derai \u00e0 aucune pression. Pas de place pour Qalb Tounes dans mon \u00e9quipe. Le Tawafek en mode de tous \u00e0 bord d\u2019un m\u00eame navire est un leurre. Ceux qui croient que les r\u00e9seaux sociaux sont capables d\u2019\u00e9branler le peuple tunisien, doivent se lever de bonne heure. Nos besoins financiers d\u00e9passent les 8 milliards de dinars. Le report du sommet de la Francophonie (d\u00e9cembre 2020) est \u00e0 l\u2019\u00e9tude, je m&rsquo;en suis r\u00e9cemment concert\u00e9 avec mon homologue fran\u00e7ais Edouard Philippe\u00a0\u00bb.<\/p>\n<p>Sans l\u2019exprimer directement, il se met en travers de l\u2019axe que veulent construire Itilaf Al Karama, Qalb Tounes et autres groupes parlementaires, avec la b\u00e9n\u00e9diction \u00e0 peine voil\u00e9e d\u2019Ennahdha. L\u2019\u00e9largissement de la coalition au pouvoir, pr\u00f4n\u00e9e par Lotfi Zitoun en prend pour son grade aupr\u00e8s de Fakhfakh. Provisoirement\u00a0?<\/p>\n<p>Dans une interview \u00e0 Taoufik Mjaied, que diffusera ce mardi \u00e0 18h15, heure de Tunis, la chaine publique fran\u00e7aise France 24, le chef du gouvernement alternera partis-pris et annonces. Il r\u00e9servera sa premi\u00e8re sortie \u00e0 l\u2019Alg\u00e9rie (comme de coutume). Il soumettra \u00e0 l\u2019ARP, la semaine prochaine, le legs dont il a h\u00e9rit\u00e9 de son pr\u00e9d\u00e9cesseur Youssef Chahed (attendons-nous \u00e0 des surprises) \u2026 La Tunisie demeure attach\u00e9e \u00e0 l\u2019int\u00e9grit\u00e9 de la Libye et ne saurait accepter sa partition, refusant toute ing\u00e9rence ext\u00e9rieure dans ses affaires\u2026<\/p>\n<p>En d\u00e9diant sa premi\u00e8re sortie m\u00e9diatique sur un m\u00e9dia \u00e9tranger \u00e0 France 24 en langue arabe, Ely\u00e8s Fakhfakh a visiblement essay\u00e9 de r\u00f4der son message aux t\u00e9l\u00e9spectateurs arabophones. Certes un multiplex en direct aurait donn\u00e9 plus de punch \u00e0 son interviewer Taoufik Mjaied, rest\u00e9 pugnace, mais, Fakhfakh s\u2019est employ\u00e9 \u00e0 installer sa notori\u00e9t\u00e9 au-del\u00e0 des fronti\u00e8res, en se d\u00e9marquant des autres comp\u00e9titeurs. Prot\u00e9geant son pr\u00e9-carr\u00e9, il fixe des rouges infranchissables, quitte \u00e0 mettre en garde des partis majoritaires \u00e0 l\u2019ARP (suivez mon regard\u2026). Le feu roulant des bonnes questions pos\u00e9e par Taoufik Mjaied, sans concession, lui en ont fourni une belle occasion.<\/p>\n<p>A suivre donc ce soir, \u00e0 partir de 18H15, sur son <a href=\"https:\/\/www.france24.com\/ar\" target=\"_blank\" rel=\"noopener noreferrer\">site<\/a> puis en rediffusion sur sa <a href=\"https:\/\/www.youtube.com\/user\/france24arabic?gl=UG&amp;hl=en-GB\" target=\"_blank\" rel=\"noopener noreferrer\">chaine youtube<\/a>\u2026<br \/>\u00a0<\/p>\n<p>Auteur:<br \/>\n<a href=\"https:\/\/www.leaders.com.tn\/article\/29915-elyes-fakhfak-et-taoufik-majaeid\">Cliquez ici pour lire l&rsquo;article depuis sa source.<\/a><\/p>\n","protected":false},"excerpt":{"rendered":"<p>Ely\u00e8s Fakhfakh a ouvertement d\u00e9clar\u00e9 son vrai camp\u00a0: Sa\u00efed, Abbou &amp; C\u00b0. \u00a0\u00bbC\u2019est mon gouvernement qui est celui de l\u2019unit\u00e9 nationale, affirmera-t-il en substance. Parfaite entente avec le pr\u00e9sident Kais Saied, mais la confiance au sein de gouvernement n\u2019est pas encore scell\u00e9e. Je ne c\u00e8derai \u00e0 aucune pression. Pas de place pour Qalb Tounes dans [&hellip;]<\/p>\n","protected":false},"author":1772,"featured_media":0,"comment_status":"closed","ping_status":"closed","sticky":false,"template":"","format":"standard","meta":{"fifu_image_url":"","fifu_image_alt":"","footnotes":""},"categories":[73,55],"tags":[],"class_list":["post-85250","post","type-post","status-publish","format-standard","hentry","category-actualite","category-tunisie"],"_links":{"self":[{"href":"https:\/\/linitiative.ca\/International\/wp-json\/wp\/v2\/posts\/85250","targetHints":{"allow":["GET"]}}],"collection":[{"href":"https:\/\/linitiative.ca\/International\/wp-json\/wp\/v2\/posts"}],"about":[{"href":"https:\/\/linitiative.ca\/International\/wp-json\/wp\/v2\/types\/post"}],"author":[{"embeddable":true,"href":"https:\/\/linitiative.ca\/International\/wp-json\/wp\/v2\/users\/1772"}],"replies":[{"embeddable":true,"href":"https:\/\/linitiative.ca\/International\/wp-json\/wp\/v2\/comments?post=85250"}],"version-history":[{"count":0,"href":"https:\/\/linitiative.ca\/International\/wp-json\/wp\/v2\/posts\/85250\/revisions"}],"wp:attachment":[{"href":"https:\/\/linitiative.ca\/International\/wp-json\/wp\/v2\/media?parent=85250"}],"wp:term":[{"taxonomy":"category","embeddable":true,"href":"https:\/\/linitiative.ca\/International\/wp-json\/wp\/v2\/categories?post=85250"},{"taxonomy":"post_tag","embeddable":true,"href":"https:\/\/linitiative.ca\/International\/wp-json\/wp\/v2\/tags?post=85250"}],"curies":[{"name":"wp","href":"https:\/\/api.w.org\/{rel}","templated":true}]}}