{"id":85251,"date":"2020-05-12T01:00:00","date_gmt":"2020-05-12T05:00:00","guid":{"rendered":"https:\/\/linitiative.ca\/International\/precautions-supplementaires\/"},"modified":"2020-05-12T01:00:00","modified_gmt":"2020-05-12T05:00:00","slug":"precautions-supplementaires","status":"publish","type":"post","link":"https:\/\/linitiative.ca\/International\/precautions-supplementaires\/","title":{"rendered":"Pr\u00e9cautions suppl\u00e9mentaires"},"content":{"rendered":"<p>Dans une note adress\u00e9e aux responsables des unit\u00e9s de psychiatrie, le minist\u00e8re de la Sant\u00e9 rappelle \u00e0 ces derniers la n\u00e9cessit\u00e9 de prendre en consid\u00e9ration la situation \u00e9pid\u00e9miologique qui pr\u00e9vaut. Face \u00e0 la multiplication des cas de coronavirus, il est demand\u00e9 au personnel de limiter les hospitalisations aux seules urgences av\u00e9r\u00e9es et de n&rsquo;autoriser les visites qu&rsquo;\u00e0 un seul membre d&rsquo;une m\u00eame famille.<\/p>\n<p>Auteur:<br \/>\n<a href=\"https:\/\/www.lesoirdalgerie.com\/periscoop\/precautions-supplementaires-42293\">Cliquez ici pour lire l&rsquo;article depuis sa source.<\/a><\/p>\n","protected":false},"excerpt":{"rendered":"<p>Dans une note adress\u00e9e aux responsables des unit\u00e9s de psychiatrie, le minist\u00e8re de la Sant\u00e9 rappelle \u00e0 ces derniers la n\u00e9cessit\u00e9 de prendre en consid\u00e9ration la situation \u00e9pid\u00e9miologique qui pr\u00e9vaut. Face \u00e0 la multiplication des cas de coronavirus, il est demand\u00e9 au personnel de limiter les hospitalisations aux seules urgences av\u00e9r\u00e9es et de n&rsquo;autoriser les [&hellip;]<\/p>\n","protected":false},"author":1741,"featured_media":0,"comment_status":"closed","ping_status":"closed","sticky":false,"template":"","format":"standard","meta":{"fifu_image_url":"","fifu_image_alt":"","footnotes":""},"categories":[73,53],"tags":[],"class_list":["post-85251","post","type-post","status-publish","format-standard","hentry","category-actualite","category-algerie"],"_links":{"self":[{"href":"https:\/\/linitiative.ca\/International\/wp-json\/wp\/v2\/posts\/85251","targetHints":{"allow":["GET"]}}],"collection":[{"href":"https:\/\/linitiative.ca\/International\/wp-json\/wp\/v2\/posts"}],"about":[{"href":"https:\/\/linitiative.ca\/International\/wp-json\/wp\/v2\/types\/post"}],"author":[{"embeddable":true,"href":"https:\/\/linitiative.ca\/International\/wp-json\/wp\/v2\/users\/1741"}],"replies":[{"embeddable":true,"href":"https:\/\/linitiative.ca\/International\/wp-json\/wp\/v2\/comments?post=85251"}],"version-history":[{"count":0,"href":"https:\/\/linitiative.ca\/International\/wp-json\/wp\/v2\/posts\/85251\/revisions"}],"wp:attachment":[{"href":"https:\/\/linitiative.ca\/International\/wp-json\/wp\/v2\/media?parent=85251"}],"wp:term":[{"taxonomy":"category","embeddable":true,"href":"https:\/\/linitiative.ca\/International\/wp-json\/wp\/v2\/categories?post=85251"},{"taxonomy":"post_tag","embeddable":true,"href":"https:\/\/linitiative.ca\/International\/wp-json\/wp\/v2\/tags?post=85251"}],"curies":[{"name":"wp","href":"https:\/\/api.w.org\/{rel}","templated":true}]}}