{"id":85252,"date":"2020-05-12T01:00:00","date_gmt":"2020-05-12T05:00:00","guid":{"rendered":"https:\/\/linitiative.ca\/International\/va-t-on-vers-le-reechelonnement\/"},"modified":"2020-05-12T01:00:00","modified_gmt":"2020-05-12T05:00:00","slug":"va-t-on-vers-le-reechelonnement","status":"publish","type":"post","link":"https:\/\/linitiative.ca\/International\/va-t-on-vers-le-reechelonnement\/","title":{"rendered":"Va-t-on vers le r\u00e9\u00e9chelonnement ?"},"content":{"rendered":"<p>Une fois le d\u00e9confinement d\u00e9cr\u00e9t\u00e9 et que la vie reprendra petit \u00e0 petit son cours normal, les entreprises devront commencer \u00e0 payer l\u2019imp\u00f4t (C20, G50 et les autres obligations fiscales) sans oublier la S\u00e9curit\u00e9 sociale. Autant de charges qui vont lourdement affecter la tr\u00e9sorerie de plusieurs entreprises. Ces derni\u00e8res vont-elles b\u00e9n\u00e9ficier d\u2019un r\u00e9\u00e9chelonnement sur plusieurs mois ? C\u2019est la question que se posent de nombreux chefs d\u2019entreprises.<\/p>\n<p>Auteur:<br \/>\n<a href=\"https:\/\/www.lesoirdalgerie.com\/periscoop\/va-t-on-vers-le-reechelonnement-42292\">Cliquez ici pour lire l&rsquo;article depuis sa source.<\/a><\/p>\n","protected":false},"excerpt":{"rendered":"<p>Une fois le d\u00e9confinement d\u00e9cr\u00e9t\u00e9 et que la vie reprendra petit \u00e0 petit son cours normal, les entreprises devront commencer \u00e0 payer l\u2019imp\u00f4t (C20, G50 et les autres obligations fiscales) sans oublier la S\u00e9curit\u00e9 sociale. Autant de charges qui vont lourdement affecter la tr\u00e9sorerie de plusieurs entreprises. Ces derni\u00e8res vont-elles b\u00e9n\u00e9ficier d\u2019un r\u00e9\u00e9chelonnement sur plusieurs [&hellip;]<\/p>\n","protected":false},"author":1741,"featured_media":0,"comment_status":"closed","ping_status":"closed","sticky":false,"template":"","format":"standard","meta":{"fifu_image_url":"","fifu_image_alt":"","footnotes":""},"categories":[73,53],"tags":[],"class_list":["post-85252","post","type-post","status-publish","format-standard","hentry","category-actualite","category-algerie"],"_links":{"self":[{"href":"https:\/\/linitiative.ca\/International\/wp-json\/wp\/v2\/posts\/85252","targetHints":{"allow":["GET"]}}],"collection":[{"href":"https:\/\/linitiative.ca\/International\/wp-json\/wp\/v2\/posts"}],"about":[{"href":"https:\/\/linitiative.ca\/International\/wp-json\/wp\/v2\/types\/post"}],"author":[{"embeddable":true,"href":"https:\/\/linitiative.ca\/International\/wp-json\/wp\/v2\/users\/1741"}],"replies":[{"embeddable":true,"href":"https:\/\/linitiative.ca\/International\/wp-json\/wp\/v2\/comments?post=85252"}],"version-history":[{"count":0,"href":"https:\/\/linitiative.ca\/International\/wp-json\/wp\/v2\/posts\/85252\/revisions"}],"wp:attachment":[{"href":"https:\/\/linitiative.ca\/International\/wp-json\/wp\/v2\/media?parent=85252"}],"wp:term":[{"taxonomy":"category","embeddable":true,"href":"https:\/\/linitiative.ca\/International\/wp-json\/wp\/v2\/categories?post=85252"},{"taxonomy":"post_tag","embeddable":true,"href":"https:\/\/linitiative.ca\/International\/wp-json\/wp\/v2\/tags?post=85252"}],"curies":[{"name":"wp","href":"https:\/\/api.w.org\/{rel}","templated":true}]}}