{"id":85253,"date":"2020-05-12T01:00:00","date_gmt":"2020-05-12T05:00:00","guid":{"rendered":"https:\/\/linitiative.ca\/International\/une-sante-pas-au-top-de-ses-capacites\/"},"modified":"2020-05-12T01:00:00","modified_gmt":"2020-05-12T05:00:00","slug":"une-sante-pas-au-top-de-ses-capacites","status":"publish","type":"post","link":"https:\/\/linitiative.ca\/International\/une-sante-pas-au-top-de-ses-capacites\/","title":{"rendered":"Une sant\u00e9 pas au top de ses capacit\u00e9s !"},"content":{"rendered":"<p class=\"c3\">Quand, ailleurs, on a pens\u00e9 \u00e0 se consacrer essentiellement \u00e0 la lutte contre le nouveau coronavirus, on a fait en sorte de ne pas p\u00e9naliser les autres patients. On n\u2019a pas mis \u00e0 l\u2019arr\u00eat les services abritant ceux des malades atteints d\u2019autres pathologies. Chez nous, le minist\u00e8re de la Sant\u00e9 appelle les services, \u00e0 l\u2019arr\u00eat depuis l\u2019apparition du Covid-19, \u00e0 se remettre au travail. Si le d\u00e9partement en question ordonne la reprise des activit\u00e9s aux services \u00e0 l\u2019arr\u00eat, c\u2019est qu\u2019effectivement ces derniers ont cess\u00e9 de fonctionner depuis l\u2019apparition du mal.\u00a0<br \/>Un temps tellement pr\u00e9cieux quand il devient urgent de sauver la vie de\u00a0 malades abandonn\u00e9s \u00e0 leur mal le temps de savoir de quoi il en retournait\u00a0 c\u00f4t\u00e9 pand\u00e9mie. Des m\u00e9decins et pas des moindres avaient recommand\u00e9 de ne pas mettre tous les \u0153ufs dans un m\u00eame panier, \u00e0 ne se soucier que des personnes contamin\u00e9es. Ils avaient, en d\u2019autres termes, exhort\u00e9 les pouvoirs publics \u00e0 ne pas bouleverser le fonctionnement des h\u00f4pitaux en r\u00e9quisitionnant tous les services pour le traitement du nouveau mal. Car alors que faire des autres malades ? Le fait que le ministre engage les h\u00f4pitaux \u00e0 reprendre leurs activit\u00e9s confirme que les conseils de nos m\u00e9decins sp\u00e9cialistes n\u2019ont pas \u00e9t\u00e9 pris en compte et que la politique du \u00abtout-corona\u00bb a pes\u00e9 sur la d\u00e9cision. Un ami a perdu son papa il y a quelques jours. Impossible de trouver un service \u00e0 Alger qui pratique une biopsie. Une amie a perdu un neveu victime d\u2019une chute. Ses parents ont couru les h\u00f4pitaux, en vain, pour des points de suture. Le neveu, \u00e2g\u00e9 d\u2019\u00e0 peine 40 ans, s\u2019est vid\u00e9 de son sang. Lorsque je l\u2019ai appel\u00e9e,\u00a0 mon amie m\u2019a racont\u00e9 comment,\u00a0 l\u2019un apr\u00e8s l\u2019autre, les h\u00f4pitaux, m\u00e9fiants, se sont renvoy\u00e9s le bless\u00e9 \u00e0 l\u2019agonie.\u00a0<br \/>Tous \u00e9taient terroris\u00e9s par une hypoth\u00e9tique contamination au Covid-19 ! L\u2019objet de cette chronique n\u2019est pas de faire ma\u00a0 mauvaise langue. Sans doute que les temps ne pr\u00eatent pas \u00e0 la critique ni m\u00eame \u00e0 la pol\u00e9mique. Comment croire que des choses pareilles puissent se produire ? Sauf quand on les c\u00f4toie de pr\u00e8s et jusqu\u2019\u00e0 ce que le ministre de la Sant\u00e9 accr\u00e9dite, \u00e0 sa fa\u00e7on, les travers en question.\u00a0 \u00a0<br \/><em><strong>M. B.<\/strong><\/em><\/p>\n<p>Auteur:<br \/>\n<a href=\"https:\/\/www.lesoirdalgerie.com\/soit-dit-en-passant\/une-sante-pas-au-top-de-ses-capacites-42291\">Cliquez ici pour lire l&rsquo;article depuis sa source.<\/a><\/p>\n","protected":false},"excerpt":{"rendered":"<p>Quand, ailleurs, on a pens\u00e9 \u00e0 se consacrer essentiellement \u00e0 la lutte contre le nouveau coronavirus, on a fait en sorte de ne pas p\u00e9naliser les autres patients. On n\u2019a pas mis \u00e0 l\u2019arr\u00eat les services abritant ceux des malades atteints d\u2019autres pathologies. Chez nous, le minist\u00e8re de la Sant\u00e9 appelle les services, \u00e0 l\u2019arr\u00eat [&hellip;]<\/p>\n","protected":false},"author":1741,"featured_media":0,"comment_status":"closed","ping_status":"closed","sticky":false,"template":"","format":"standard","meta":{"fifu_image_url":"","fifu_image_alt":"","footnotes":""},"categories":[73,53],"tags":[],"class_list":["post-85253","post","type-post","status-publish","format-standard","hentry","category-actualite","category-algerie"],"_links":{"self":[{"href":"https:\/\/linitiative.ca\/International\/wp-json\/wp\/v2\/posts\/85253","targetHints":{"allow":["GET"]}}],"collection":[{"href":"https:\/\/linitiative.ca\/International\/wp-json\/wp\/v2\/posts"}],"about":[{"href":"https:\/\/linitiative.ca\/International\/wp-json\/wp\/v2\/types\/post"}],"author":[{"embeddable":true,"href":"https:\/\/linitiative.ca\/International\/wp-json\/wp\/v2\/users\/1741"}],"replies":[{"embeddable":true,"href":"https:\/\/linitiative.ca\/International\/wp-json\/wp\/v2\/comments?post=85253"}],"version-history":[{"count":0,"href":"https:\/\/linitiative.ca\/International\/wp-json\/wp\/v2\/posts\/85253\/revisions"}],"wp:attachment":[{"href":"https:\/\/linitiative.ca\/International\/wp-json\/wp\/v2\/media?parent=85253"}],"wp:term":[{"taxonomy":"category","embeddable":true,"href":"https:\/\/linitiative.ca\/International\/wp-json\/wp\/v2\/categories?post=85253"},{"taxonomy":"post_tag","embeddable":true,"href":"https:\/\/linitiative.ca\/International\/wp-json\/wp\/v2\/tags?post=85253"}],"curies":[{"name":"wp","href":"https:\/\/api.w.org\/{rel}","templated":true}]}}