{"id":85258,"date":"2020-05-12T12:47:58","date_gmt":"2020-05-12T16:47:58","guid":{"rendered":"https:\/\/linitiative.ca\/International\/le-vrai-du-faux-sur-le-coronavirus-au-maroc-ce-mardi-12-mai\/"},"modified":"2020-05-12T12:47:58","modified_gmt":"2020-05-12T16:47:58","slug":"le-vrai-du-faux-sur-le-coronavirus-au-maroc-ce-mardi-12-mai","status":"publish","type":"post","link":"https:\/\/linitiative.ca\/International\/le-vrai-du-faux-sur-le-coronavirus-au-maroc-ce-mardi-12-mai\/","title":{"rendered":"Le vrai du faux sur le coronavirus au Maroc, ce mardi 12 mai"},"content":{"rendered":"<p><strong>Le coronavirus, qui a fait plus de 4 millions de cas de contamination dans le monde, est \u00e0 l\u2019origine d\u2019un flot de Fake news relay\u00e9es sur les r\u00e9seaux sociaux. La MAP fait le tri entre l\u2019intox et les bonnes informations pour une meilleure sensibilisation.<\/strong><\/p>\n<div class=\"c10\"\/>\n<p>-L\u2019\u00e9tat d\u2019urgence sanitaire sera prolong\u00e9 jusqu\u2019au 10 juin au Maroc. <strong>FAUX<\/strong><\/p>\n<p>-137 nouveaux cas d\u2019infection au nouveau coronavirus (Covid-19) ont \u00e9t\u00e9 confirm\u00e9s au Maroc, portant \u00e0 6.418 le nombre total des cas de contamination. <strong>VRAI<\/strong><\/p>\n<p>-Arriv\u00e9e d\u2019une premi\u00e8re cargaison de masques et de respirateurs de fabrication marocaine \u00e0 New York. <strong>FAUX<\/strong><\/p>\n<p>-Les \u00e9l\u00e8ves retourneront en classe dans les \u00e9tablissements d\u2019enseignement en mois de septembre prochain. <strong>VRAI<\/strong><\/p>\n<p>Lire aussi : <a href=\"https:\/\/www.challenge.ma\/ce-que-vous-devez-savoir-sur-le-coronavirus-134568\/\" target=\"_blank\" rel=\"noreferrer noopener\" aria-label=\" (s&#x2019;ouvre dans un nouvel onglet)\">Ce que vous devez savoir sur le coronavirus<\/a><\/p>\n<p>-Les \u00e9preuves du baccalaur\u00e9at seront maintenues, \u00e0 savoir l\u2019examen national de la deuxi\u00e8me ann\u00e9e du baccalaur\u00e9at qui sera organis\u00e9 en juillet et l\u2019examen r\u00e9gional de la premi\u00e8re ann\u00e9e du baccalaur\u00e9at, qui aura lieu en septembre. <strong>VRAI<\/strong><\/p>\n<p>\u2013 Distribution, durant la 4\u00e8me semaine de mai, de brochures de soutien scolaire \u00e0 un million \u00e9tudiants dans les r\u00e9gions \u00e9loign\u00e9es. <strong>VRAI<\/strong><\/p>\n<p>\u2013 Bank Al-Maghrib (BAM) a appel\u00e9 les \u00e9tablissements de cr\u00e9dit \u00e0 suspendre, jusqu\u2019\u00e0 nouvel ordre, toute distribution de dividendes au titre de l\u2019exercice 2019. <strong>VRAI<\/strong><\/p>\n<p>-Le Maroc a d\u00e9cid\u00e9 d\u2019exporter une partie de ces masques \u00e0 l\u2019\u00e9tranger, apr\u00e8s avoir atteint l\u2019autosuffisance, avec une production journali\u00e8re de 10 millions de masques en tissu non tiss\u00e9. <strong>VRAI<\/strong><\/p>\n<p>-Le Conseil communal de Sefrou a d\u00e9bloqu\u00e9 1,19 millions de DH pour contribuer aux efforts visant \u00e0 faire face aux r\u00e9percussions du nouveau coronavirus. <strong>VRAI<\/strong><\/p>\n<div class=\"c17\">\n<fieldset class=\"c16\">\n<legend><strong><span class=\"c11\">Challenge<\/span><span class=\"c12\">news<\/span><\/strong><\/legend>\n<div class=\"c15\">Le meilleur de Challenge s\u00e9lectionn\u00e9 par la r\u00e9daction :<\/p>\n<\/div>\n<\/fieldset>\n<\/div>\n<p>Auteur: Hajar DARI<br \/>\n<a href=\"https:\/\/www.challenge.ma\/le-vrai-du-faux-sur-le-coronavirus-au-maroc-ce-mardi-12-mai-140195\/\">Cliquez ici pour lire l&rsquo;article depuis sa source.<\/a><\/p>\n","protected":false},"excerpt":{"rendered":"<p>Le coronavirus, qui a fait plus de 4 millions de cas de contamination dans le monde, est \u00e0 l\u2019origine d\u2019un flot de Fake news relay\u00e9es sur les r\u00e9seaux sociaux. La MAP fait le tri entre l\u2019intox et les bonnes informations pour une meilleure sensibilisation. -L\u2019\u00e9tat d\u2019urgence sanitaire sera prolong\u00e9 jusqu\u2019au 10 juin au Maroc. FAUX [&hellip;]<\/p>\n","protected":false},"author":1787,"featured_media":0,"comment_status":"closed","ping_status":"closed","sticky":false,"template":"","format":"standard","meta":{"fifu_image_url":"","fifu_image_alt":"","footnotes":""},"categories":[78,54],"tags":[],"class_list":["post-85258","post","type-post","status-publish","format-standard","hentry","category-economie","category-maroc"],"_links":{"self":[{"href":"https:\/\/linitiative.ca\/International\/wp-json\/wp\/v2\/posts\/85258","targetHints":{"allow":["GET"]}}],"collection":[{"href":"https:\/\/linitiative.ca\/International\/wp-json\/wp\/v2\/posts"}],"about":[{"href":"https:\/\/linitiative.ca\/International\/wp-json\/wp\/v2\/types\/post"}],"author":[{"embeddable":true,"href":"https:\/\/linitiative.ca\/International\/wp-json\/wp\/v2\/users\/1787"}],"replies":[{"embeddable":true,"href":"https:\/\/linitiative.ca\/International\/wp-json\/wp\/v2\/comments?post=85258"}],"version-history":[{"count":0,"href":"https:\/\/linitiative.ca\/International\/wp-json\/wp\/v2\/posts\/85258\/revisions"}],"wp:attachment":[{"href":"https:\/\/linitiative.ca\/International\/wp-json\/wp\/v2\/media?parent=85258"}],"wp:term":[{"taxonomy":"category","embeddable":true,"href":"https:\/\/linitiative.ca\/International\/wp-json\/wp\/v2\/categories?post=85258"},{"taxonomy":"post_tag","embeddable":true,"href":"https:\/\/linitiative.ca\/International\/wp-json\/wp\/v2\/tags?post=85258"}],"curies":[{"name":"wp","href":"https:\/\/api.w.org\/{rel}","templated":true}]}}