{"id":85266,"date":"2020-05-12T17:01:23","date_gmt":"2020-05-12T21:01:23","guid":{"rendered":"https:\/\/linitiative.ca\/International\/fakhfakh-nous-sommes-contre-toute-intervention-etrangere-et-tout-projet-de-partition-du-territoire-libyen\/"},"modified":"2020-05-12T17:01:23","modified_gmt":"2020-05-12T21:01:23","slug":"fakhfakh-nous-sommes-contre-toute-intervention-etrangere-et-tout-projet-de-partition-du-territoire-libyen","status":"publish","type":"post","link":"https:\/\/linitiative.ca\/International\/fakhfakh-nous-sommes-contre-toute-intervention-etrangere-et-tout-projet-de-partition-du-territoire-libyen\/","title":{"rendered":"Fakhfakh\u00a0: Nous sommes contre toute intervention \u00e9trang\u00e8re et tout projet de partition du territoire libyen"},"content":{"rendered":"<div class=\"post-cont-in left relative\">\n<p>Le chef du gouvernement, <a href=\"https:\/\/www.tunisienumerique.com\/tunisie-actualite\/elyes-fakhfakh\/\" title=\"Elyes Fakhfakh\" target=\"_top\" class=\"auto-link\" rel=\"noopener noreferrer\">Elyes Fakhfakh<\/a>, a annonc\u00e9, lors de l\u2019interview accord\u00e9e \u00e0 la chaine France 24, que la Tunisie est contre tout projet de partition de la Libye et toute intervention \u00e9trang\u00e8re sur son sol. Il a pr\u00e9cis\u00e9 que la Tunisie pr\u00f4ne la solution libyo-libyenne dans le cadre du respect de la l\u00e9gitimit\u00e9 internationale.<\/p>\n<div class=\"code-block code-block-1 c3\"><ins class=\"adsbygoogle c2\" data-ad-layout=\"in-article\" data-ad-format=\"fluid\" data-ad-client=\"ca-pub-2102118777505746\" data-ad-slot=\"7301775417\"\/> <\/div>\n<p>Il a ajout\u00e9 que d\u00e8s que l\u2019\u00e9pid\u00e9mie du covid sera d\u00e9pass\u00e9e, le dossier libyen sera le premier dossier \u00e0 traiter de toute urgence par le gouvernement tunisien, ajoutant que la Tunisie est le pays le plus affect\u00e9 par la situation en Libye.<\/p>\n<div class=\"swp_social_panel swp_horizontal_panel swp_flat_fresh swp_default_full_color swp_individual_full_color swp_other_full_color scale-100 scale-\" data-min-width=\"1100\" data-float-color=\"#ffffff\" data-float=\"bottom\" data-float-mobile=\"bottom\" data-transition=\"slide\">\n<div class=\"nc_tweetContainer swp_share_button total_shares total_sharesalt\"><span class=\"swp_count\">1 <span class=\"swp_label\">Partages<\/span><\/span><\/div>\n<\/div>\n<p><strong>Que se passe-t-il en Tunisie?<\/strong><br \/>Nous expliquons sur notre <a href=\"https:\/\/www.youtube.com\/channel\/UCRzypVq0B_yBad5eGrwBx0Q?sub_confirmation=1\" target=\"_blank\" rel=\"noopener noreferrer\">cha\u00eene YouTube<\/a> . <a href=\"https:\/\/www.youtube.com\/channel\/UCRzypVq0B_yBad5eGrwBx0Q?sub_confirmation=1\" target=\"_blank\" rel=\"noopener noreferrer\">Abonnez-vous!<\/a><\/p>\n<div class=\"mvp-org-wrap mvp-org-logo\" itemprop=\"publisher\" itemscope=\"\" itemtype=\"https:\/\/schema.org\/Organization\"><img decoding=\"async\" src=\"https:\/\/www.tunisienumerique.com\/wp-content\/uploads\/2017\/02\/logo_tunisie_numerique.png\"\/><\/div>\n<div class=\"mvp-related-posts left relative\">\n<h4 class=\"post-header\"><span class=\"post-header\">Lire aussi<\/span><\/h4>\n<\/div>\n<div id=\"article-ad\"><ins class=\"adsbygoogle c4\" data-ad-client=\"ca-pub-2102118777505746\" data-ad-slot=\"6513972734\" data-ad-format=\"auto\" data-full-width-responsive=\"true\"\/> <\/div>\n<\/div>\n<div id=\"post-sidebar-wrap\"><ins class=\"adsbygoogle c4\" data-ad-client=\"ca-pub-2102118777505746\" data-ad-slot=\"6168283410\" data-ad-format=\"auto\" data-full-width-responsive=\"true\"\/> <\/div>\n<p>Auteur: LM<br \/>\n<a href=\"https:\/\/www.tunisienumerique.com\/fakhfakh-nous-sommes-contre-toute-intervention-etrangere-et-tout-projet-de-partition-du-territoire-libyen\/\">Cliquez ici pour lire l&rsquo;article depuis sa source.<\/a><\/p>\n","protected":false},"excerpt":{"rendered":"<p>Le chef du gouvernement, Elyes Fakhfakh, a annonc\u00e9, lors de l\u2019interview accord\u00e9e \u00e0 la chaine France 24, que la Tunisie est contre tout projet de partition de la Libye et toute intervention \u00e9trang\u00e8re sur son sol. Il a pr\u00e9cis\u00e9 que la Tunisie pr\u00f4ne la solution libyo-libyenne dans le cadre du respect de la l\u00e9gitimit\u00e9 internationale. [&hellip;]<\/p>\n","protected":false},"author":1789,"featured_media":85267,"comment_status":"closed","ping_status":"closed","sticky":false,"template":"","format":"standard","meta":{"fifu_image_url":"","fifu_image_alt":"","footnotes":""},"categories":[73,55],"tags":[],"class_list":["post-85266","post","type-post","status-publish","format-standard","has-post-thumbnail","hentry","category-actualite","category-tunisie"],"_links":{"self":[{"href":"https:\/\/linitiative.ca\/International\/wp-json\/wp\/v2\/posts\/85266","targetHints":{"allow":["GET"]}}],"collection":[{"href":"https:\/\/linitiative.ca\/International\/wp-json\/wp\/v2\/posts"}],"about":[{"href":"https:\/\/linitiative.ca\/International\/wp-json\/wp\/v2\/types\/post"}],"author":[{"embeddable":true,"href":"https:\/\/linitiative.ca\/International\/wp-json\/wp\/v2\/users\/1789"}],"replies":[{"embeddable":true,"href":"https:\/\/linitiative.ca\/International\/wp-json\/wp\/v2\/comments?post=85266"}],"version-history":[{"count":0,"href":"https:\/\/linitiative.ca\/International\/wp-json\/wp\/v2\/posts\/85266\/revisions"}],"wp:featuredmedia":[{"embeddable":true,"href":"https:\/\/linitiative.ca\/International\/wp-json\/"}],"wp:attachment":[{"href":"https:\/\/linitiative.ca\/International\/wp-json\/wp\/v2\/media?parent=85266"}],"wp:term":[{"taxonomy":"category","embeddable":true,"href":"https:\/\/linitiative.ca\/International\/wp-json\/wp\/v2\/categories?post=85266"},{"taxonomy":"post_tag","embeddable":true,"href":"https:\/\/linitiative.ca\/International\/wp-json\/wp\/v2\/tags?post=85266"}],"curies":[{"name":"wp","href":"https:\/\/api.w.org\/{rel}","templated":true}]}}