{"id":85268,"date":"2020-05-12T17:15:23","date_gmt":"2020-05-12T21:15:23","guid":{"rendered":"https:\/\/linitiative.ca\/International\/tunisie-etude-de-leventualite-dune-deuxieme-vague-de-covid\/"},"modified":"2020-05-12T17:15:23","modified_gmt":"2020-05-12T21:15:23","slug":"tunisie-etude-de-leventualite-dune-deuxieme-vague-de-covid","status":"publish","type":"post","link":"https:\/\/linitiative.ca\/International\/tunisie-etude-de-leventualite-dune-deuxieme-vague-de-covid\/","title":{"rendered":"Tunisie \u2013 Etude de l\u2019\u00e9ventualit\u00e9 d\u2019une deuxi\u00e8me vague de covid"},"content":{"rendered":"<div class=\"post-cont-in left relative\">\n<p>La commission scientifique de lutte contre le covid s\u2019est r\u00e9unie, cet apr\u00e8s midi, au si\u00e8ge du minist\u00e8re de la sant\u00e9, sous la pr\u00e9sidence d\u2019Abdellatif Makki, et a \u00e9tudi\u00e9 la situation de l\u2019\u00e9pid\u00e9mie en Tunisie et la possibilit\u00e9 de la survenue d\u2019une deuxi\u00e8me vague.<\/p>\n<div class=\"code-block code-block-1 c3\"><ins class=\"adsbygoogle c2\" data-ad-layout=\"in-article\" data-ad-format=\"fluid\" data-ad-client=\"ca-pub-2102118777505746\" data-ad-slot=\"7301775417\"\/> <\/div>\n<p>Les experts ont mis l\u2019accent sur la n\u00e9cessit\u00e9 de poursuivre le respect strict des consignes donn\u00e9es par le minist\u00e8re dans le cadre des mesures de pr\u00e9vention.<\/p>\n<div class=\"swp_social_panel swp_horizontal_panel swp_flat_fresh swp_default_full_color swp_individual_full_color swp_other_full_color scale-100 scale-\" data-min-width=\"1100\" data-float-color=\"#ffffff\" data-float=\"bottom\" data-float-mobile=\"bottom\" data-transition=\"slide\">\n<div class=\"nc_tweetContainer swp_share_button total_shares total_sharesalt\"><span class=\"swp_count\">1 <span class=\"swp_label\">Partages<\/span><\/span><\/div>\n<\/div>\n<p><strong>Que se passe-t-il en Tunisie?<\/strong><br \/>Nous expliquons sur notre <a href=\"https:\/\/www.youtube.com\/channel\/UCRzypVq0B_yBad5eGrwBx0Q?sub_confirmation=1\" target=\"_blank\" rel=\"noopener noreferrer\">cha\u00eene YouTube<\/a> . <a href=\"https:\/\/www.youtube.com\/channel\/UCRzypVq0B_yBad5eGrwBx0Q?sub_confirmation=1\" target=\"_blank\" rel=\"noopener noreferrer\">Abonnez-vous!<\/a><\/p>\n<div class=\"mvp-org-wrap mvp-org-logo\" itemprop=\"publisher\" itemscope=\"\" itemtype=\"https:\/\/schema.org\/Organization\"><img decoding=\"async\" src=\"https:\/\/www.tunisienumerique.com\/wp-content\/uploads\/2017\/02\/logo_tunisie_numerique.png\"\/><\/div>\n<div class=\"mvp-related-posts left relative\">\n<h4 class=\"post-header\"><span class=\"post-header\">Lire aussi<\/span><\/h4>\n<\/div>\n<div id=\"article-ad\"><ins class=\"adsbygoogle c4\" data-ad-client=\"ca-pub-2102118777505746\" data-ad-slot=\"6513972734\" data-ad-format=\"auto\" data-full-width-responsive=\"true\"\/> <\/div>\n<\/div>\n<div id=\"post-sidebar-wrap\"><ins class=\"adsbygoogle c4\" data-ad-client=\"ca-pub-2102118777505746\" data-ad-slot=\"6168283410\" data-ad-format=\"auto\" data-full-width-responsive=\"true\"\/> <\/div>\n<p>Auteur: LM<br \/>\n<a href=\"https:\/\/www.tunisienumerique.com\/tunisie-etude-de-leventualite-dune-deuxieme-vague-de-covid\/\">Cliquez ici pour lire l&rsquo;article depuis sa source.<\/a><\/p>\n","protected":false},"excerpt":{"rendered":"<p>La commission scientifique de lutte contre le covid s\u2019est r\u00e9unie, cet apr\u00e8s midi, au si\u00e8ge du minist\u00e8re de la sant\u00e9, sous la pr\u00e9sidence d\u2019Abdellatif Makki, et a \u00e9tudi\u00e9 la situation de l\u2019\u00e9pid\u00e9mie en Tunisie et la possibilit\u00e9 de la survenue d\u2019une deuxi\u00e8me vague. Les experts ont mis l\u2019accent sur la n\u00e9cessit\u00e9 de poursuivre le respect [&hellip;]<\/p>\n","protected":false},"author":1789,"featured_media":85269,"comment_status":"closed","ping_status":"closed","sticky":false,"template":"","format":"standard","meta":{"fifu_image_url":"","fifu_image_alt":"","footnotes":""},"categories":[73,55],"tags":[],"class_list":["post-85268","post","type-post","status-publish","format-standard","has-post-thumbnail","hentry","category-actualite","category-tunisie"],"_links":{"self":[{"href":"https:\/\/linitiative.ca\/International\/wp-json\/wp\/v2\/posts\/85268","targetHints":{"allow":["GET"]}}],"collection":[{"href":"https:\/\/linitiative.ca\/International\/wp-json\/wp\/v2\/posts"}],"about":[{"href":"https:\/\/linitiative.ca\/International\/wp-json\/wp\/v2\/types\/post"}],"author":[{"embeddable":true,"href":"https:\/\/linitiative.ca\/International\/wp-json\/wp\/v2\/users\/1789"}],"replies":[{"embeddable":true,"href":"https:\/\/linitiative.ca\/International\/wp-json\/wp\/v2\/comments?post=85268"}],"version-history":[{"count":0,"href":"https:\/\/linitiative.ca\/International\/wp-json\/wp\/v2\/posts\/85268\/revisions"}],"wp:featuredmedia":[{"embeddable":true,"href":"https:\/\/linitiative.ca\/International\/wp-json\/"}],"wp:attachment":[{"href":"https:\/\/linitiative.ca\/International\/wp-json\/wp\/v2\/media?parent=85268"}],"wp:term":[{"taxonomy":"category","embeddable":true,"href":"https:\/\/linitiative.ca\/International\/wp-json\/wp\/v2\/categories?post=85268"},{"taxonomy":"post_tag","embeddable":true,"href":"https:\/\/linitiative.ca\/International\/wp-json\/wp\/v2\/tags?post=85268"}],"curies":[{"name":"wp","href":"https:\/\/api.w.org\/{rel}","templated":true}]}}