{"id":85304,"date":"2020-05-13T08:31:16","date_gmt":"2020-05-13T12:31:16","guid":{"rendered":"https:\/\/linitiative.ca\/International\/en-depit-du-contexte-de-crise-actuel-le-groupe-renault-termine-le-mois-davril-avec-plus-de-50-de-part-de-marche\/"},"modified":"2020-05-13T08:31:16","modified_gmt":"2020-05-13T12:31:16","slug":"en-depit-du-contexte-de-crise-actuel-le-groupe-renault-termine-le-mois-davril-avec-plus-de-50-de-part-de-marche","status":"publish","type":"post","link":"https:\/\/linitiative.ca\/International\/en-depit-du-contexte-de-crise-actuel-le-groupe-renault-termine-le-mois-davril-avec-plus-de-50-de-part-de-marche\/","title":{"rendered":"En d\u00e9pit du contexte de crise actuel : Le Groupe Renault termine le mois d\u2019avril avec plus de 50% de part de march\u00e9"},"content":{"rendered":"<p><img decoding=\"async\" class=\"post_layout_5_img\" src=\"http:\/\/aujourdhui.ma\/wp-content\/uploads\/2019\/07\/Renault.jpg\" alt=\"En d&#xE9;pit du contexte de crise actuel : Le Groupe Renault termine le mois d&#x2019;avril avec plus de 50% de part de march&#xE9;\"\/><\/p>\n<p><span class=\"c7\"><strong>Depuis le d\u00e9but de la crise sanitaire Covid-19, une multitude d\u2019actions a \u00e9t\u00e9 mise en place afin de garantir la continuit\u00e9 de l\u2019activit\u00e9 et de servir les besoins urgents de mobilit\u00e9 comme le dispositif de pr\u00e9commande en ligne.<\/strong><\/span><span id=\"more-344854\"\/><\/p>\n<p>Au quatri\u00e8me mois de l\u2019ann\u00e9e 2020, le Groupe Renault enregistre une part de march\u00e9 (PDM) de 50,2%, avec Dacia \u00e0 34,9% et le losange \u00e0 15,3% de PDM. Cette \u00e9volution intervient apr\u00e8s un mois de mars \u00e0 49,3% de PDM, dans un march\u00e9 tr\u00e8s faible (-86%). Dans un r\u00e9cent communiqu\u00e9 l\u2019entreprise explique que \u00abce r\u00e9sultat est la concr\u00e9tisation du plan de continuit\u00e9 mis en place avec un dispositif innovant et exigeant au sein de son r\u00e9seau. Au cumul de l\u2019ann\u00e9e, le Groupe a livr\u00e9 14.368 v\u00e9hicules neufs, en r\u00e9alisant ainsi une part de march\u00e9 cumul\u00e9e de 42,5%.<\/p>\n<p>Ce r\u00e9sultat est le fruit d\u2019un engagement sans faille de toutes les parties prenantes de l\u2019\u00e9cosyst\u00e8me du Groupe\u00bb, explique l\u2019entreprise ajoutant que depuis le d\u00e9but de la crise sanitaire Covid-19, une multitude d\u2019actions a \u00e9t\u00e9 mise en place afin de garantir la continuit\u00e9 de l\u2019activit\u00e9 et de servir les besoins urgents de mobilit\u00e9 comme le dispositif de pr\u00e9commande en ligne, montrant ainsi les capacit\u00e9s d\u2019adaptation du Groupe et sa volont\u00e9 de faciliter l\u2019exp\u00e9rience client, le service de livraison \u00e0 domicile afin d\u2019acheminer le v\u00e9hicule jusqu\u2019au domicile de la personne, ainsi que l\u2019ensemble des documents n\u00e9cessaires \u00e0 sa mise en circulation, le service client mobilis\u00e9, joignable et \u00e0 l\u2019\u00e9coute afin de faciliter au maximum le parcours client, des solutions de financement adapt\u00e9es au contexte actuel, avec des diff\u00e9r\u00e9s de paiement de 3 mois, 14 ateliers mobiles dans 11 grandes villes du Maroc \u00e0 la disposition des clients pour la r\u00e9paration des v\u00e9hicules \u00e0 domicile ou encore la prise en charge de l\u2019entretien du parc mobilis\u00e9 face \u00e0 la crise du coronavirus et des v\u00e9hicules clients particuliers dans les cas de pannes.<\/p>\n<p>Par marque, Dacia maintient sa premi\u00e8re place dans le march\u00e9 VP-VU (v\u00e9hicules particuliers et v\u00e9hicules utilitaires) au Maroc avec 587 livraisons. Au total, ce sont 10.124 v\u00e9hicules qui ont trouv\u00e9 preneur. La part de march\u00e9 au cumul s\u2019\u00e9tablit \u00e0 29,9%. Dans le m\u00eame sens, Renault cl\u00f4ture le mois d\u2019avril avec 258 unit\u00e9s livr\u00e9es. Ainsi, le losange conforte sa deuxi\u00e8me place du podium avec au cumul de 4.244 livraisons. Du c\u00f4t\u00e9 des VU\/VUT (v\u00e9hicules utilitaires et v\u00e9hicules utilitaires transform\u00e9s), le Groupe Renault se positionne en premi\u00e8re place avec 31% de part de march\u00e9 pour le mois d\u2019avril. Au total, 1.035 unit\u00e9s ont \u00e9t\u00e9 livr\u00e9es, avec 25,6% de part de segment.<\/p>\n<p>Auteur: ALM<br \/>\n<a href=\"https:\/\/aujourdhui.ma\/automobile\/en-depit-du-contexte-de-crise-actuel-le-groupe-renault-termine-le-mois-davril-avec-plus-de-50-de-part-de-marche\">Cliquez ici pour lire l&rsquo;article depuis sa source.<\/a><\/p>\n","protected":false},"excerpt":{"rendered":"<p>Depuis le d\u00e9but de la crise sanitaire Covid-19, une multitude d\u2019actions a \u00e9t\u00e9 mise en place afin de garantir la continuit\u00e9 de l\u2019activit\u00e9 et de servir les besoins urgents de mobilit\u00e9 comme le dispositif de pr\u00e9commande en ligne. Au quatri\u00e8me mois de l\u2019ann\u00e9e 2020, le Groupe Renault enregistre une part de march\u00e9 (PDM) de 50,2%, [&hellip;]<\/p>\n","protected":false},"author":1759,"featured_media":85305,"comment_status":"closed","ping_status":"closed","sticky":false,"template":"","format":"standard","meta":{"fifu_image_url":"","fifu_image_alt":"","footnotes":""},"categories":[73,54],"tags":[],"class_list":["post-85304","post","type-post","status-publish","format-standard","has-post-thumbnail","hentry","category-actualite","category-maroc"],"_links":{"self":[{"href":"https:\/\/linitiative.ca\/International\/wp-json\/wp\/v2\/posts\/85304","targetHints":{"allow":["GET"]}}],"collection":[{"href":"https:\/\/linitiative.ca\/International\/wp-json\/wp\/v2\/posts"}],"about":[{"href":"https:\/\/linitiative.ca\/International\/wp-json\/wp\/v2\/types\/post"}],"author":[{"embeddable":true,"href":"https:\/\/linitiative.ca\/International\/wp-json\/wp\/v2\/users\/1759"}],"replies":[{"embeddable":true,"href":"https:\/\/linitiative.ca\/International\/wp-json\/wp\/v2\/comments?post=85304"}],"version-history":[{"count":0,"href":"https:\/\/linitiative.ca\/International\/wp-json\/wp\/v2\/posts\/85304\/revisions"}],"wp:featuredmedia":[{"embeddable":true,"href":"https:\/\/linitiative.ca\/International\/wp-json\/"}],"wp:attachment":[{"href":"https:\/\/linitiative.ca\/International\/wp-json\/wp\/v2\/media?parent=85304"}],"wp:term":[{"taxonomy":"category","embeddable":true,"href":"https:\/\/linitiative.ca\/International\/wp-json\/wp\/v2\/categories?post=85304"},{"taxonomy":"post_tag","embeddable":true,"href":"https:\/\/linitiative.ca\/International\/wp-json\/wp\/v2\/tags?post=85304"}],"curies":[{"name":"wp","href":"https:\/\/api.w.org\/{rel}","templated":true}]}}