{"id":85310,"date":"2020-05-13T10:18:43","date_gmt":"2020-05-13T14:18:43","guid":{"rendered":"https:\/\/linitiative.ca\/International\/ils-joueront-en-ligne-60-kanunjis-marocains-et-artistes-dailleurs-interpretent-une-oeuvre-du-malhoun\/"},"modified":"2020-05-13T10:18:43","modified_gmt":"2020-05-13T14:18:43","slug":"ils-joueront-en-ligne-60-kanunjis-marocains-et-artistes-dailleurs-interpretent-une-oeuvre-du-malhoun","status":"publish","type":"post","link":"https:\/\/linitiative.ca\/International\/ils-joueront-en-ligne-60-kanunjis-marocains-et-artistes-dailleurs-interpretent-une-oeuvre-du-malhoun\/","title":{"rendered":"Ils joueront en ligne : 60 kanunjis marocains et artistes d\u2019ailleurs interpr\u00e8tent une \u0153uvre du Malhoun"},"content":{"rendered":"<p><img decoding=\"async\" class=\"post_layout_5_img\" src=\"http:\/\/aujourdhui.ma\/wp-content\/uploads\/2020\/05\/Abdennasser-Mekkaoui.jpg\" alt=\"Ils joueront en ligne : 60 kanunjis marocains et artistes d&#x2019;ailleurs interpr&#xE8;tent une &#x153;uvre du Malhoun\"\/><\/p>\n<p><span class=\"c7\"><strong>\u00abLes pr\u00e9paratifs vont bon train. La 5\u00e8me \u00e9dition se distinguera par des spectacles \u00e0 couper le souffle. Comme elle sera pour la premi\u00e8re fois marqu\u00e9e par la participation d\u2019artistes marocains et \u00e9trangers. Nous animerons \u00e9galement les concerts dans les salles les plus importantes de la ville de Rabat, capitale de la culture et des lumi\u00e8res\u00bb.<\/strong><\/span> <span id=\"more-344874\"\/><\/p>\n<p>\u00abUn groupe de 60 kanunjis marocains et instrumentistes internationaux sont en train de mettre les derni\u00e8res retouches \u00e0 une \u0153uvre du Malhoun pour un lancement en ligne au cours de cette semaine\u00bb. L\u2019annonce est faite par Abdennasser Mekkaoui, pr\u00e9sident de l\u2019association Afnan pour la culture et les arts, qui pr\u00e9cise que les artistes internationaux sont issus du Liban, de Turquie, d\u2019Alg\u00e9rie, de Syrie, Libye et Tunisie.<\/p>\n<p>Cette \u0153uvre, qui rentre dans le cadre des activit\u00e9s de l\u2019association Riad El Qanun au Maroc \u00e9galement, sera interpr\u00e9t\u00e9e avec un accompagnement musical de la premi\u00e8re structure. Le pr\u00e9sident s\u2019exprime \u00e9galement sur la contribution \u00aben ligne \u00e0 une chanson nationale d\u00e9di\u00e9e au coronavirus et au confinement\u00bb. Comme il l\u2019indique, cette \u0153uvre, qui sera interpr\u00e9t\u00e9e par des professeurs d\u2019\u00e9ducation musicale \u00e0 l\u2019\u00e9chelle nationale, est con\u00e7ue par Khalid El Badaoui, inspecteur en \u00e9ducation musicale. \u00abIl y a aussi \u00e0 titre personnel des cr\u00e9ativit\u00e9s sur kanun. Certaines ont \u00e9t\u00e9 partag\u00e9es et appr\u00e9ci\u00e9es sur les r\u00e9seaux sociaux\u00bb, ajoute M. Mekkaoui.<\/p>\n<p>Et ce n\u2019est pas tout. Le pr\u00e9sident d\u00e9clare avoir d\u00e9j\u00e0 commenc\u00e9 \u00e0 penser au Festival international du kanun, initi\u00e9 en partenariat avec l\u2019association Ribat Al Fath pour le d\u00e9veloppement durable et avec le soutien du minist\u00e8re de la culture, apr\u00e8s la 4\u00e8me \u00e9dition. \u00abLes pr\u00e9paratifs vont bon train. La 5\u00e8me \u00e9dition se distinguera par des spectacles \u00e0 couper le souffle. Comme elle sera pour la premi\u00e8re fois marqu\u00e9e par la participation d\u2019artistes marocains et \u00e9trangers. Nous animerons \u00e9galement les concerts dans les salles les plus importantes de la ville de Rabat, capitale de la culture et des lumi\u00e8res\u00bb, avance-t-il.<\/p>\n<p>Le pr\u00e9sident, \u00e9galement enseignant, indique aussi garder le contact avec les \u00e9l\u00e8ves aux cycles secondaire et coll\u00e9gial en cette p\u00e9riode de confinement. Dans ce sens, il partage en ligne des partitions, des cours et exercices audiovisuels avec les apprenants de l\u2019instrument du kanun.<\/p>\n<p>Outre ces activit\u00e9s, M. Mekkaoui a un vif d\u00e9sir. \u00abJe veux bien cr\u00e9er des ateliers de kanun dans toutes les villes du Maroc, organiser un concours national et international du kanun. En tant que professeur d\u2019\u00e9ducation musicale et \u00abkanunji\u00bb qui a une formation p\u00e9dagogique, je ne cherche pas \u00e0 \u00eatre un virtuose assez c\u00e9l\u00e8bre dans le monde. Mon objectif est d\u2019enseigner cet instrument aux apprenants, qu\u2019ils soient enfants, jeunes ou adultes\u00bb, exalte-t-il.<\/p>\n<p>Auteur: Salima Guisser<br \/>\n<a href=\"https:\/\/aujourdhui.ma\/culture\/musique\/ils-joueront-en-ligne-60-kanunjis-marocains-et-artistes-dailleurs-interpretent-une-oeuvre-du-malhoun\">Cliquez ici pour lire l&rsquo;article depuis sa source.<\/a><\/p>\n","protected":false},"excerpt":{"rendered":"<p>\u00abLes pr\u00e9paratifs vont bon train. La 5\u00e8me \u00e9dition se distinguera par des spectacles \u00e0 couper le souffle. Comme elle sera pour la premi\u00e8re fois marqu\u00e9e par la participation d\u2019artistes marocains et \u00e9trangers. Nous animerons \u00e9galement les concerts dans les salles les plus importantes de la ville de Rabat, capitale de la culture et des lumi\u00e8res\u00bb. [&hellip;]<\/p>\n","protected":false},"author":1759,"featured_media":85311,"comment_status":"closed","ping_status":"closed","sticky":false,"template":"","format":"standard","meta":{"fifu_image_url":"","fifu_image_alt":"","footnotes":""},"categories":[73,54],"tags":[],"class_list":["post-85310","post","type-post","status-publish","format-standard","has-post-thumbnail","hentry","category-actualite","category-maroc"],"_links":{"self":[{"href":"https:\/\/linitiative.ca\/International\/wp-json\/wp\/v2\/posts\/85310","targetHints":{"allow":["GET"]}}],"collection":[{"href":"https:\/\/linitiative.ca\/International\/wp-json\/wp\/v2\/posts"}],"about":[{"href":"https:\/\/linitiative.ca\/International\/wp-json\/wp\/v2\/types\/post"}],"author":[{"embeddable":true,"href":"https:\/\/linitiative.ca\/International\/wp-json\/wp\/v2\/users\/1759"}],"replies":[{"embeddable":true,"href":"https:\/\/linitiative.ca\/International\/wp-json\/wp\/v2\/comments?post=85310"}],"version-history":[{"count":0,"href":"https:\/\/linitiative.ca\/International\/wp-json\/wp\/v2\/posts\/85310\/revisions"}],"wp:featuredmedia":[{"embeddable":true,"href":"https:\/\/linitiative.ca\/International\/wp-json\/"}],"wp:attachment":[{"href":"https:\/\/linitiative.ca\/International\/wp-json\/wp\/v2\/media?parent=85310"}],"wp:term":[{"taxonomy":"category","embeddable":true,"href":"https:\/\/linitiative.ca\/International\/wp-json\/wp\/v2\/categories?post=85310"},{"taxonomy":"post_tag","embeddable":true,"href":"https:\/\/linitiative.ca\/International\/wp-json\/wp\/v2\/tags?post=85310"}],"curies":[{"name":"wp","href":"https:\/\/api.w.org\/{rel}","templated":true}]}}