{"id":85314,"date":"2020-05-13T10:13:06","date_gmt":"2020-05-13T14:13:06","guid":{"rendered":"https:\/\/linitiative.ca\/International\/%ef%bb%bf64-ans-daccomplissements-et-dabnegation-au-service-de-la-nation\/"},"modified":"2020-05-13T10:13:06","modified_gmt":"2020-05-13T14:13:06","slug":"%ef%bb%bf64-ans-daccomplissements-et-dabnegation-au-service-de-la-nation","status":"publish","type":"post","link":"https:\/\/linitiative.ca\/International\/%ef%bb%bf64-ans-daccomplissements-et-dabnegation-au-service-de-la-nation\/","title":{"rendered":"\ufeff64 ans d\u2019accomplissements et d\u2019abn\u00e9gation au service de la Nation"},"content":{"rendered":"<p class=\"has-text-color has-vivid-red-color c2\"><strong>Anniversaire des FAR<\/strong><\/p>\n<p class=\"has-text-color c3\"><strong>Le Maroc c\u00e9l\u00e8bre jeudi le 64-\u00e8me anniversaire de la cr\u00e9ation des Forces Arm\u00e9es Royales (FAR), dans une conjoncture marqu\u00e9e par une pand\u00e9mie plan\u00e9taire, qui ne va s\u00fbrement pas dissuader le peuple marocain de comm\u00e9morer une pareille occasion et rendre un vibrant hommage aux hommes et femmes de cette vaillante institution.<\/strong><\/p>\n<p>C\u2019est le moment aussi de revenir sur les \u00e9tapes d\u00e9terminantes, les exploits marquants et les sacrifices consentis par les soldats marocains qui ne m\u00e9nagent aucun effort, depuis la cr\u00e9ation des FAR le 14 mai 1956, pour d\u00e9fendre l\u2019int\u00e9grit\u00e9 territoriale du Royaume, renforcer la solidarit\u00e9 nationale et internationale et pr\u00e9server la paix dans le monde.<\/p>\n<p>Au lendemain de l\u2019ind\u00e9pendance du Royaume, Feu Sa Majest\u00e9 Mohammed V a tenu \u00e0 doter le Royaume d\u2019une arm\u00e9e moderne et professionnelle, une lourde responsabilit\u00e9 confi\u00e9e \u00e0 Feu SM Hassan II, alors Prince H\u00e9ritier, qui apr\u00e8s Son accession au Tr\u00f4ne de ses glorieux anc\u00eatre a poursuivi avec abn\u00e9gation et d\u00e9termination les efforts de perfectionnement de l\u2019organisation des FAR et de leurs \u00e9quipements.<\/p>\n<p>En digne successeur de Ses glorieux anc\u00eatres, Sa Majest\u00e9 le Roi Mohammed VI, Chef Supr\u00eame et Chef d\u2019Etat-major g\u00e9n\u00e9ral des FAR, a veill\u00e9, depuis Son intronisation, \u00e0 am\u00e9liorer davantage l\u2019institution militaire, \u00e0 moderniser ses \u00e9quipements et \u00e0 promouvoir ses ressources humaines et ses capacit\u00e9s d\u2019intervention, dans l\u2019objectif de l\u2019aligner au niveau des arm\u00e9es les plus d\u00e9velopp\u00e9es du monde.<\/p>\n<p>Aujourd\u2019hui, les FAR constituent une fiert\u00e9 partag\u00e9e pour tous les Marocains, un maillon inh\u00e9rent \u00e0 l\u2019unit\u00e9 nationale et un honorable ambassadeur des valeurs authentiques du Royaume partout o\u00f9 le devoir appelle ses membres.<\/p>\n<p>Le d\u00e9ploiement des unit\u00e9s des FAR dans le cadre des op\u00e9rations de maintien de la paix des Nations-Unies \u00e0 travers le monde est la parfaite illustration de cet engagement de l\u2019institution militaire en faveur des valeurs universelles de la paix, de la s\u00e9curit\u00e9 et de la solidarit\u00e9 dans le monde. C\u2019est dans ce cadre que les contingents des FAR continuent de s\u2019acquitter de leurs nobles missions dans le cadre de ces op\u00e9rations en RD-Congo et en Afrique centrale, sans oublier les efforts inlassables d\u00e9ploy\u00e9s par les \u00e9quipes de l\u2019h\u00f4pital militaire de campagne \u00e0 Zaatari en Jordanie au profit des r\u00e9fugi\u00e9s syriens.<\/p>\n<p>Par ailleurs, pour les FAR, 2020 restera sans doute marqu\u00e9e comme l\u2019ann\u00e9e du service militaire et de la lutte contre le nouveau coronavirus, la pand\u00e9mie qui a secou\u00e9 le monde entier et caus\u00e9 d\u2019\u00e9normes d\u00e9g\u00e2ts aussi bien sur le plan des vies humaines que sur le plan socio-\u00e9conomique.<\/p>\n<p>Ainsi, les FAR n\u2019ont m\u00e9nag\u00e9 aucun effort pour rendre le service militaire pour les jeunes appel\u00e9s, filles et gar\u00e7ons, une occasion propice pour b\u00e9n\u00e9ficier d\u2019une formation professionnelle adapt\u00e9e qui va les aider \u00e0 s\u2019int\u00e9grer dans le tissu social. Elles ont mis en place toutes les infrastructures n\u00e9cessaires, les cadres enseignants et les ressources p\u00e9dagogiques pour la r\u00e9ussite de cette op\u00e9ration lanc\u00e9e \u00e0 l\u2019initiative de Sa Majest\u00e9 le Roi Mohammed VI.<\/p>\n<p>Dans la bataille contre le COVID-19, l\u2019ennemi minuscule qui fait des ravages dans le monde entier, les Forces Arm\u00e9es Royales sont mont\u00e9es au front, suite \u00e0 l\u2019appel de Sa Majest\u00e9 le Roi, Chef supr\u00eame et Chef d\u2019\u00c9tat-Major G\u00e9n\u00e9ral des FAR qui a, d\u00e8s la d\u00e9tection des premiers cas de contamination au Maroc, donn\u00e9 ses Hautes Instructions afin que la m\u00e9decine militaire prenne part conjointement avec son homologue civile \u00e0 cette d\u00e9licate mission.<\/p>\n<p>C\u2019est dans ce contexte que les h\u00f4pitaux militaires de campagne Covid-19, install\u00e9s \u00e0 Nouaceur et Benslimane, ont vu le jour en un temps record, et que les \u00e9quipes de la m\u00e9decine militaire se sont jointes aux rangs des staffs m\u00e9dicaux dans plusieurs h\u00f4pitaux civils pour combattre ce virus.<\/p>\n<p>Le 64-\u00e8me anniversaire des FAR est donc une occasion pour rendre un vibrant hommage \u00e0 des hommes et des femmes qui sont engag\u00e9s, avec courage, abn\u00e9gation et d\u00e9vouement, pour assurer la surveillance et la protection des fronti\u00e8res terrestre, maritime et a\u00e9rienne du Royaume et veiller \u00e0 la s\u00e9curit\u00e9 et la qui\u00e9tude de tout un peuple et de ses institutions.<\/p>\n<p class=\"c4\"><strong>(MAP)<\/strong><\/p>\n<p>Auteur: M&rsquo;hammed rahal<br \/>\n<a href=\"http:\/\/albayane.press.ma\/%EF%BB%BF64-ans-daccomplissements-et-dabnegation-au-service-de-la-nation.html\">Cliquez ici pour lire l&rsquo;article depuis sa source.<\/a><\/p>\n","protected":false},"excerpt":{"rendered":"<p>Anniversaire des FAR Le Maroc c\u00e9l\u00e8bre jeudi le 64-\u00e8me anniversaire de la cr\u00e9ation des Forces Arm\u00e9es Royales (FAR), dans une conjoncture marqu\u00e9e par une pand\u00e9mie plan\u00e9taire, qui ne va s\u00fbrement pas dissuader le peuple marocain de comm\u00e9morer une pareille occasion et rendre un vibrant hommage aux hommes et femmes de cette vaillante institution. C\u2019est le [&hellip;]<\/p>\n","protected":false},"author":1760,"featured_media":0,"comment_status":"closed","ping_status":"closed","sticky":false,"template":"","format":"standard","meta":{"fifu_image_url":"","fifu_image_alt":"","footnotes":""},"categories":[73,54],"tags":[],"class_list":["post-85314","post","type-post","status-publish","format-standard","hentry","category-actualite","category-maroc"],"_links":{"self":[{"href":"https:\/\/linitiative.ca\/International\/wp-json\/wp\/v2\/posts\/85314","targetHints":{"allow":["GET"]}}],"collection":[{"href":"https:\/\/linitiative.ca\/International\/wp-json\/wp\/v2\/posts"}],"about":[{"href":"https:\/\/linitiative.ca\/International\/wp-json\/wp\/v2\/types\/post"}],"author":[{"embeddable":true,"href":"https:\/\/linitiative.ca\/International\/wp-json\/wp\/v2\/users\/1760"}],"replies":[{"embeddable":true,"href":"https:\/\/linitiative.ca\/International\/wp-json\/wp\/v2\/comments?post=85314"}],"version-history":[{"count":0,"href":"https:\/\/linitiative.ca\/International\/wp-json\/wp\/v2\/posts\/85314\/revisions"}],"wp:attachment":[{"href":"https:\/\/linitiative.ca\/International\/wp-json\/wp\/v2\/media?parent=85314"}],"wp:term":[{"taxonomy":"category","embeddable":true,"href":"https:\/\/linitiative.ca\/International\/wp-json\/wp\/v2\/categories?post=85314"},{"taxonomy":"post_tag","embeddable":true,"href":"https:\/\/linitiative.ca\/International\/wp-json\/wp\/v2\/tags?post=85314"}],"curies":[{"name":"wp","href":"https:\/\/api.w.org\/{rel}","templated":true}]}}