{"id":85325,"date":"2020-05-13T07:30:00","date_gmt":"2020-05-13T11:30:00","guid":{"rendered":"https:\/\/linitiative.ca\/International\/tebboune-instruit-le-ministre-de-la-justice-douvrir-une-enquete\/"},"modified":"2020-05-13T07:30:00","modified_gmt":"2020-05-13T11:30:00","slug":"tebboune-instruit-le-ministre-de-la-justice-douvrir-une-enquete","status":"publish","type":"post","link":"https:\/\/linitiative.ca\/International\/tebboune-instruit-le-ministre-de-la-justice-douvrir-une-enquete\/","title":{"rendered":"Tebboune instruit le ministre de la justice d\u2019ouvrir une enqu\u00eate"},"content":{"rendered":"<div id=\"originalText\" readability=\"73\">\n<p>Le Chef de l\u2019Etat, Abdelamadjid Tebboune, a instruit le ministre de la justice \u00abd\u2019ouvrir une enqu\u00eate pour d\u00e9terminer les responsabilit\u00e9s\u00bb dans l\u2019affaire du fioul frelat\u00e9 que Sonatrach aurait fourni au Liban, a indiqu\u00e9, ce mercredi, le porte-parole de la Pr\u00e9sidence de la r\u00e9publique, Mohand Oussaid Bela\u00efd, lors d\u2019une conf\u00e9rence de presse organis\u00e9e au Palais d\u2019El Mouradia, \u00e0 Alger, soutenant qu\u2019il s\u2019agit plut\u00f4t d\u2019\u00abune affaire libano libanaise\u00bb.<\/p>\n<p>Pour rappel, des m\u00e9dias libanais ont r\u00e9cemment rapport\u00e9 que le responsable local de Sonatrach a \u00e9t\u00e9 arr\u00eat\u00e9 par la justice dans le cadre d\u2019une enqu\u00eate en cours sur la livraison, le 25 mars dernier, d\u2019une cargaison de fioul de mauvaise qualit\u00e9 au Liban. Le lendemain, dans un communiqu\u00e9, Sonatrach a r\u00e9fut\u00e9 l\u2019existence d\u2019un responsable de la compagnie au pays du C\u00e8dre. Il s\u2019agissait simplement d\u2019un agent \u201cmaritime ind\u00e9pendant, \u0153uvrant pour le compte de SPC\u201d, avait indiqu\u00e9 Sonatrach, qui reconna\u00eet le litige avec les autorit\u00e9s libanaises. L\u2019affaire a pris ensuite une tout autre tournure, vendredi dernier, lorsque une d\u00e9put\u00e9e tr\u00e8s engag\u00e9e, Paula Yacoubian, avait organis\u00e9 une conf\u00e9rence de presse pour d\u00e9noncer un \u201ccontrat douteux\u201d sign\u00e9 en 2005 entre le ministre de l\u2019\u00c9nergie du Liban et le repr\u00e9sentant de la soci\u00e9t\u00e9 BVI, appartenant \u00e0 Sonatrach.<\/p>\n<p>La d\u00e9put\u00e9e libanaise avait \u00e9voqu\u00e9 \u00abl\u2019existence, myst\u00e9rieuse, d\u2019une filiale de Sonatrach aux \u00eeles Britanniques, un paradis fiscal\u00bb, faisant ainsi le lien \u00a0entre cette affaire et la pr\u00e9sence sur le territoire libanais d\u2019un certain Farid Bedjaoui, dont l\u2019\u00e9pouse est libanaise. \u00a0<\/p>\n<p class=\"c6\"><strong>Ali Boukhlef pour r\u00e9daction Web<\/strong><\/p>\n<\/div>\n<div id=\"text_core\" readability=\"73\">\n<p>Le Chef de l\u2019Etat, Abdelamadjid Tebboune, a instruit le ministre de la justice \u00abd\u2019ouvrir une enqu\u00eate pour d\u00e9terminer les responsabilit\u00e9s\u00bb dans l\u2019affaire du fioul frelat\u00e9 que Sonatrach aurait fourni au Liban, a indiqu\u00e9, ce mercredi, le porte-parole de la Pr\u00e9sidence de la r\u00e9publique, Mohand Oussaid Bela\u00efd, lors d\u2019une conf\u00e9rence de presse organis\u00e9e au Palais d\u2019El Mouradia, \u00e0 Alger, soutenant qu\u2019il s\u2019agit plut\u00f4t d\u2019\u00abune affaire libano libanaise\u00bb.<\/p>\n<p>Pour rappel, des m\u00e9dias libanais ont r\u00e9cemment rapport\u00e9 que le responsable local de Sonatrach a \u00e9t\u00e9 arr\u00eat\u00e9 par la justice dans le cadre d\u2019une enqu\u00eate en cours sur la livraison, le 25 mars dernier, d\u2019une cargaison de fioul de mauvaise qualit\u00e9 au Liban. Le lendemain, dans un communiqu\u00e9, Sonatrach a r\u00e9fut\u00e9 l\u2019existence d\u2019un responsable de la compagnie au pays du C\u00e8dre. Il s\u2019agissait simplement d\u2019un agent \u201cmaritime ind\u00e9pendant, \u0153uvrant pour le compte de SPC\u201d, avait indiqu\u00e9 Sonatrach, qui reconna\u00eet le litige avec les autorit\u00e9s libanaises. L\u2019affaire a pris ensuite une tout autre tournure, vendredi dernier, lorsque une d\u00e9put\u00e9e tr\u00e8s engag\u00e9e, Paula Yacoubian, avait organis\u00e9 une conf\u00e9rence de presse pour d\u00e9noncer un \u201ccontrat douteux\u201d sign\u00e9 en 2005 entre le ministre de l\u2019\u00c9nergie du Liban et le repr\u00e9sentant de la soci\u00e9t\u00e9 BVI, appartenant \u00e0 Sonatrach.<\/p>\n<p>La d\u00e9put\u00e9e libanaise avait \u00e9voqu\u00e9 \u00abl\u2019existence, myst\u00e9rieuse, d\u2019une filiale de Sonatrach aux \u00eeles Britanniques, un paradis fiscal\u00bb, faisant ainsi le lien \u00a0entre cette affaire et la pr\u00e9sence sur le territoire libanais d\u2019un certain Farid Bedjaoui, dont l\u2019\u00e9pouse est libanaise. \u00a0<\/p>\n<p class=\"c6\"><strong>Ali Boukhlef pour r\u00e9daction Web<\/strong><\/p>\n<\/div>\n<p>Auteur:<br \/>\n<a href=\"https:\/\/www.liberte-algerie.com\/actualite\/tebboune-instruit-le-ministre-de-la-justice-douvrir-une-enquete-338616\">Cliquez ici pour lire l&rsquo;article depuis sa source.<\/a><\/p>\n","protected":false},"excerpt":{"rendered":"<p>Le Chef de l\u2019Etat, Abdelamadjid Tebboune, a instruit le ministre de la justice \u00abd\u2019ouvrir une enqu\u00eate pour d\u00e9terminer les responsabilit\u00e9s\u00bb dans l\u2019affaire du fioul frelat\u00e9 que Sonatrach aurait fourni au Liban, a indiqu\u00e9, ce mercredi, le porte-parole de la Pr\u00e9sidence de la r\u00e9publique, Mohand Oussaid Bela\u00efd, lors d\u2019une conf\u00e9rence de presse organis\u00e9e au Palais d\u2019El [&hellip;]<\/p>\n","protected":false},"author":1742,"featured_media":0,"comment_status":"closed","ping_status":"closed","sticky":false,"template":"","format":"standard","meta":{"fifu_image_url":"","fifu_image_alt":"","footnotes":""},"categories":[73,53],"tags":[],"class_list":["post-85325","post","type-post","status-publish","format-standard","hentry","category-actualite","category-algerie"],"_links":{"self":[{"href":"https:\/\/linitiative.ca\/International\/wp-json\/wp\/v2\/posts\/85325","targetHints":{"allow":["GET"]}}],"collection":[{"href":"https:\/\/linitiative.ca\/International\/wp-json\/wp\/v2\/posts"}],"about":[{"href":"https:\/\/linitiative.ca\/International\/wp-json\/wp\/v2\/types\/post"}],"author":[{"embeddable":true,"href":"https:\/\/linitiative.ca\/International\/wp-json\/wp\/v2\/users\/1742"}],"replies":[{"embeddable":true,"href":"https:\/\/linitiative.ca\/International\/wp-json\/wp\/v2\/comments?post=85325"}],"version-history":[{"count":0,"href":"https:\/\/linitiative.ca\/International\/wp-json\/wp\/v2\/posts\/85325\/revisions"}],"wp:attachment":[{"href":"https:\/\/linitiative.ca\/International\/wp-json\/wp\/v2\/media?parent=85325"}],"wp:term":[{"taxonomy":"category","embeddable":true,"href":"https:\/\/linitiative.ca\/International\/wp-json\/wp\/v2\/categories?post=85325"},{"taxonomy":"post_tag","embeddable":true,"href":"https:\/\/linitiative.ca\/International\/wp-json\/wp\/v2\/tags?post=85325"}],"curies":[{"name":"wp","href":"https:\/\/api.w.org\/{rel}","templated":true}]}}