{"id":85334,"date":"2020-05-13T08:56:46","date_gmt":"2020-05-13T12:56:46","guid":{"rendered":"https:\/\/linitiative.ca\/International\/covid-19-8-nouveaux-cas-confirmes-4-nouvelles-remissions-drs\/"},"modified":"2020-05-13T08:56:46","modified_gmt":"2020-05-13T12:56:46","slug":"covid-19-8-nouveaux-cas-confirmes-4-nouvelles-remissions-drs","status":"publish","type":"post","link":"https:\/\/linitiative.ca\/International\/covid-19-8-nouveaux-cas-confirmes-4-nouvelles-remissions-drs\/","title":{"rendered":"Covid-19: 8 nouveaux cas confirm\u00e9s, 4 nouvelles r\u00e9missions (DRS)"},"content":{"rendered":"<div readability=\"36\">\n<p>Marrakech \u2013 Huit (8) nouveaux cas d\u2019infection au Covid-19 ont \u00e9t\u00e9 confirm\u00e9s au niveau de la r\u00e9gion Marrakech-Safi, portant \u00e0 1.221 le nombre total des contaminations signal\u00e9es dans la r\u00e9gion jusqu\u2019\u00e0 mercredi \u00e0 10H00, dont 331 patients sous traitement.<\/p>\n<\/div>\n<div readability=\"70\">\n<p>Selon un nouveau bilan de la Direction R\u00e9gionale de la Sant\u00e9 (DRS), ces cas hospitalis\u00e9s sont r\u00e9partis entre la pr\u00e9fecture de Marrakech (285) et les provinces de Rehamna (23), d\u2019Al Haouz (15), de Chichaoua (4), d\u2019Essaouira (3) et de Safi (1).<\/p>\n<p>La m\u00eame source fait \u00e9galement \u00e9tat de 4 nouvelles r\u00e9missions enregistr\u00e9es dans la pr\u00e9fecture de Marrakech, ce qui porte \u00e0 840 le nombre des personnes d\u00e9clar\u00e9es totalement gu\u00e9ries dans la r\u00e9gion depuis le d\u00e9clenchement de la pand\u00e9mie.<\/p>\n<p>Ainsi, les cas gu\u00e9ris sont r\u00e9partis entre la pr\u00e9fecture de Marrakech (576) et les provinces de Rehamna (208), d\u2019Al-Haouz (31), de Chichaoua (19), d\u2019El Kel\u00e2a des Sraghna (04), d\u2019Essaouira (01) et de Safi (01), pr\u00e9cise la DRS, notant que le taux de gu\u00e9rison a atteint 69%.<\/p>\n<p>Le nombre des cas exclus apr\u00e8s des r\u00e9sultats n\u00e9gatifs d\u2019analyses effectu\u00e9es au laboratoire a atteint 6.456, tandis que celui des d\u00e9c\u00e8s s\u2019est stabilis\u00e9 \u00e0 50, fait savoir la Direction R\u00e9gionale.<\/p>\n<p>Au niveau national, 48 nouveaux cas d\u2019infection au nouveau coronavirus ont \u00e9t\u00e9 confirm\u00e9s jusqu\u2019\u00e0 mercredi \u00e0 10H00, portant \u00e0 6.466 le nombre total des cas de contamination.<\/p>\n<p>Le nombre de cas gu\u00e9ris s\u2019\u00e9l\u00e8ve \u00e0 3099 avec 108 nouvelles r\u00e9missions, alors que le nombre de d\u00e9c\u00e8s stagne \u00e0 188 cas, selon les chiffres du minist\u00e8re de la Sant\u00e9.<\/p>\n<\/div>\n<p>Auteur: Meriem IGASS<br \/>\n<a href=\"http:\/\/www.mapmarrakech.ma\/fr\/covid-19-8-nouveaux-cas-confirmes-4-nouvelles-remissions-drs\/\">Cliquez ici pour lire l&rsquo;article depuis sa source.<\/a><\/p>\n","protected":false},"excerpt":{"rendered":"<p>Marrakech \u2013 Huit (8) nouveaux cas d\u2019infection au Covid-19 ont \u00e9t\u00e9 confirm\u00e9s au niveau de la r\u00e9gion Marrakech-Safi, portant \u00e0 1.221 le nombre total des contaminations signal\u00e9es dans la r\u00e9gion jusqu\u2019\u00e0 mercredi \u00e0 10H00, dont 331 patients sous traitement. Selon un nouveau bilan de la Direction R\u00e9gionale de la Sant\u00e9 (DRS), ces cas hospitalis\u00e9s sont [&hellip;]<\/p>\n","protected":false},"author":1788,"featured_media":0,"comment_status":"closed","ping_status":"closed","sticky":false,"template":"","format":"standard","meta":{"fifu_image_url":"","fifu_image_alt":"","footnotes":""},"categories":[54,76],"tags":[],"class_list":["post-85334","post","type-post","status-publish","format-standard","hentry","category-maroc","category-regions"],"_links":{"self":[{"href":"https:\/\/linitiative.ca\/International\/wp-json\/wp\/v2\/posts\/85334","targetHints":{"allow":["GET"]}}],"collection":[{"href":"https:\/\/linitiative.ca\/International\/wp-json\/wp\/v2\/posts"}],"about":[{"href":"https:\/\/linitiative.ca\/International\/wp-json\/wp\/v2\/types\/post"}],"author":[{"embeddable":true,"href":"https:\/\/linitiative.ca\/International\/wp-json\/wp\/v2\/users\/1788"}],"replies":[{"embeddable":true,"href":"https:\/\/linitiative.ca\/International\/wp-json\/wp\/v2\/comments?post=85334"}],"version-history":[{"count":0,"href":"https:\/\/linitiative.ca\/International\/wp-json\/wp\/v2\/posts\/85334\/revisions"}],"wp:attachment":[{"href":"https:\/\/linitiative.ca\/International\/wp-json\/wp\/v2\/media?parent=85334"}],"wp:term":[{"taxonomy":"category","embeddable":true,"href":"https:\/\/linitiative.ca\/International\/wp-json\/wp\/v2\/categories?post=85334"},{"taxonomy":"post_tag","embeddable":true,"href":"https:\/\/linitiative.ca\/International\/wp-json\/wp\/v2\/tags?post=85334"}],"curies":[{"name":"wp","href":"https:\/\/api.w.org\/{rel}","templated":true}]}}