{"id":85335,"date":"2020-05-13T13:52:10","date_gmt":"2020-05-13T17:52:10","guid":{"rendered":"https:\/\/linitiative.ca\/International\/covid-19-94-nouveaux-cas-confirmes-au-maroc-6-512-au-total\/"},"modified":"2020-05-13T13:52:10","modified_gmt":"2020-05-13T17:52:10","slug":"covid-19-94-nouveaux-cas-confirmes-au-maroc-6-512-au-total","status":"publish","type":"post","link":"https:\/\/linitiative.ca\/International\/covid-19-94-nouveaux-cas-confirmes-au-maroc-6-512-au-total\/","title":{"rendered":"Covid-19: 94 nouveaux cas confirm\u00e9s au Maroc, 6.512 au total"},"content":{"rendered":"<div readability=\"36\">\n<p>Quatre-vingt-quatorze (94) nouveaux cas d\u2019infection au COVID-19 ont \u00e9t\u00e9 enregistr\u00e9s durant les derni\u00e8res 24 heures, portant le nombre total des cas de contaminations \u00e0 6.512 dans le Royaume, a annonc\u00e9 mercredi le minist\u00e8re de la Sant\u00e9.<\/p>\n<\/div>\n<div readability=\"78\">\n<p>Le nombre de personnes d\u00e9clar\u00e9es gu\u00e9ries a atteint 3.131 jusqu\u2019\u00e0 pr\u00e9sent, apr\u00e8s 140 r\u00e9missions suppl\u00e9mentaires, a indiqu\u00e9 le directeur de l\u2019\u00e9pid\u00e9miologie et de lutte contre les maladies au minist\u00e8re de la Sant\u00e9, Mohamed El Youbi, dans une d\u00e9claration retransmise par la MAP sur sa cha\u00eene de t\u00e9l\u00e9vision M24 et sur RIM RADIO.<\/p>\n<p>Le nombre de d\u00e9c\u00e8s s\u2019est maintenu, trois jours durant, \u00e0 188, avec aucun nouveau d\u00e9c\u00e8s signal\u00e9, a pr\u00e9cis\u00e9 M. El Youbi.<\/p>\n<p>La majorit\u00e9 des cas de contamination confirm\u00e9s, enregistr\u00e9s au cours des derni\u00e8res 24 heures, ont \u00e9t\u00e9 d\u00e9couverts en premier lieu dans la r\u00e9gion de Casablanca-Settat et dans une moindre mesure dans les r\u00e9gions de F\u00e8s-Mekn\u00e8s et Marrakech-Safi, a poursuivi le responsable, relevant qu\u2019aucun nouveau cas n\u2019a \u00e9t\u00e9 d\u00e9tect\u00e9 dans sept r\u00e9gions.<\/p>\n<p>Parmi les 94 nouveaux cas, 81 ont \u00e9t\u00e9 d\u00e9tect\u00e9s gr\u00e2ce au suivi m\u00e9dical des personnes-contacts, soit 86%, portant le nombre total des sujets contacts depuis l\u2019apparition de l\u2019\u00e9pid\u00e9mie dans le Royaume \u00e0 37.144, a relev\u00e9 la m\u00eame source.<\/p>\n<p>Un total de 3.961 cas ont \u00e9t\u00e9 exclus au cours des derni\u00e8res 24 heures, portant le nombre total des cas \u00e9cart\u00e9s apr\u00e8s les analyses de laboratoires \u00e0 69.358 depuis le d\u00e9but de la pand\u00e9mie, a-t-il encha\u00een\u00e9.<\/p>\n<p>De son c\u00f4t\u00e9, le taux de l\u00e9talit\u00e9 a baiss\u00e9 \u00e0 2,9% apr\u00e8s qu\u2019aucun nouveau d\u00e9c\u00e8s n\u2019a \u00e9t\u00e9 signal\u00e9 au cours des derni\u00e8res 24 heures, tandis que le taux de r\u00e9mission s\u2019est \u00e9lev\u00e9 \u00e0 48,1%, selon M. El Youbi.<\/p>\n<\/div>\n<p>Auteur: Meriem IGASS<br \/>\n<a href=\"http:\/\/www.mapmarrakech.ma\/fr\/covid-19-94-nouveaux-cas-confirmes-au-maroc-6-512-au-total\/\">Cliquez ici pour lire l&rsquo;article depuis sa source.<\/a><\/p>\n","protected":false},"excerpt":{"rendered":"<p>Quatre-vingt-quatorze (94) nouveaux cas d\u2019infection au COVID-19 ont \u00e9t\u00e9 enregistr\u00e9s durant les derni\u00e8res 24 heures, portant le nombre total des cas de contaminations \u00e0 6.512 dans le Royaume, a annonc\u00e9 mercredi le minist\u00e8re de la Sant\u00e9. Le nombre de personnes d\u00e9clar\u00e9es gu\u00e9ries a atteint 3.131 jusqu\u2019\u00e0 pr\u00e9sent, apr\u00e8s 140 r\u00e9missions suppl\u00e9mentaires, a indiqu\u00e9 le directeur [&hellip;]<\/p>\n","protected":false},"author":1788,"featured_media":0,"comment_status":"closed","ping_status":"closed","sticky":false,"template":"","format":"standard","meta":{"fifu_image_url":"","fifu_image_alt":"","footnotes":""},"categories":[54,76],"tags":[],"class_list":["post-85335","post","type-post","status-publish","format-standard","hentry","category-maroc","category-regions"],"_links":{"self":[{"href":"https:\/\/linitiative.ca\/International\/wp-json\/wp\/v2\/posts\/85335","targetHints":{"allow":["GET"]}}],"collection":[{"href":"https:\/\/linitiative.ca\/International\/wp-json\/wp\/v2\/posts"}],"about":[{"href":"https:\/\/linitiative.ca\/International\/wp-json\/wp\/v2\/types\/post"}],"author":[{"embeddable":true,"href":"https:\/\/linitiative.ca\/International\/wp-json\/wp\/v2\/users\/1788"}],"replies":[{"embeddable":true,"href":"https:\/\/linitiative.ca\/International\/wp-json\/wp\/v2\/comments?post=85335"}],"version-history":[{"count":0,"href":"https:\/\/linitiative.ca\/International\/wp-json\/wp\/v2\/posts\/85335\/revisions"}],"wp:attachment":[{"href":"https:\/\/linitiative.ca\/International\/wp-json\/wp\/v2\/media?parent=85335"}],"wp:term":[{"taxonomy":"category","embeddable":true,"href":"https:\/\/linitiative.ca\/International\/wp-json\/wp\/v2\/categories?post=85335"},{"taxonomy":"post_tag","embeddable":true,"href":"https:\/\/linitiative.ca\/International\/wp-json\/wp\/v2\/tags?post=85335"}],"curies":[{"name":"wp","href":"https:\/\/api.w.org\/{rel}","templated":true}]}}