{"id":85369,"date":"2020-05-13T13:41:00","date_gmt":"2020-05-13T17:41:00","guid":{"rendered":"https:\/\/linitiative.ca\/International\/oran-des-ecoles-privees-exigent-des-parents-le-paiement-du-3eme-trimestre\/"},"modified":"2020-05-13T13:41:00","modified_gmt":"2020-05-13T17:41:00","slug":"oran-des-ecoles-privees-exigent-des-parents-le-paiement-du-3eme-trimestre","status":"publish","type":"post","link":"https:\/\/linitiative.ca\/International\/oran-des-ecoles-privees-exigent-des-parents-le-paiement-du-3eme-trimestre\/","title":{"rendered":"ORAN : Des \u00e9coles priv\u00e9es exigent des parents le paiement du 3\u00e8me trimestre"},"content":{"rendered":"<p><br id=\"sep_para_1\" class=\"sep_para access\"\/><\/p>\n<div id=\"para_1\" class=\"para_36949788 resize\">\n<div class=\"texte access firstletter\">Certains \u00e9tablissements et \u00e9coles priv\u00e9es de la wilaya d&rsquo;Oran demandent aux parents de payer les frais de scolarit\u00e9 du troisi\u00e8me trimestre, a indiqu\u00e9 l\u2019Association de protection et d\u2019orientation du consommateur et de son environnement (APOCE).En effet, l\u2019organisation indique qu\u2019elle a re\u00e7u \u00ab des dizaines de r\u00e9clamations de parents d\u2019\u00e9l\u00e8ves scolaris\u00e9s dans des \u00e9coles priv\u00e9es, concernant les demandes de ces \u00e9tablissements de payer la derni\u00e8re tranche des frais de scolarit\u00e9 \u00bb.Ces demandes interviennent alors que ces \u00e9coles restent ferm\u00e9es pour cause des mesures pr\u00e9ventives contre la propagation de l\u2019\u00e9pid\u00e9mie du coronavirus, entreprises par le gouvernement.\u00ab Les services de ces \u00e9tablissements ne se limitent pas qu\u2019\u00e0 l\u2019enseignement, mais \u00e7a concerne aussi la restauration, le gardiennage, les cours de rattrapage \u2026 \u00bb, souligne l\u2019APOCE.\u00a0 Comment exiger aux parents de payer les frais du 3\u00e8me trimestre alors que \u00ab les \u00e9l\u00e8ves n\u2019ont pas b\u00e9n\u00e9fici\u00e9 de ces prestations ?\u00bb, s\u2019interroge l\u2019organisation. Obliger les parents \u00e0 payer ces prestations, est une mesure abusive \u00bb, ajoute l\u2019association. Notant que certains \u00e9tablissements \u00ab menacent de ne pas remettre les dossiers scolaires des \u00e9l\u00e8ves aux parents \u00bb.Face \u00e0 cette situation, l\u2019APOCE propose de payer un tiers des frais du 3\u00e8me trimestre, pour permettre aux \u00e9tablissements de couvrir les charges fixes. Et promet aux parents de les accompagner dans toutes les proc\u00e9dures concernant cette affaire.<\/div>\n<\/div>\n<p>Auteur: Medjadji H.<br \/>\n<a href=\"https:\/\/www.reflexiondz.net\/ORAN-Des-ecoles-privees-exigent-des-parents-le-paiement-du-3eme-trimestre_a62682.html\">Cliquez ici pour lire l&rsquo;article depuis sa source.<\/a><\/p>\n","protected":false},"excerpt":{"rendered":"<p>Certains \u00e9tablissements et \u00e9coles priv\u00e9es de la wilaya d&rsquo;Oran demandent aux parents de payer les frais de scolarit\u00e9 du troisi\u00e8me trimestre, a indiqu\u00e9 l\u2019Association de protection et d\u2019orientation du consommateur et de son environnement (APOCE).En effet, l\u2019organisation indique qu\u2019elle a re\u00e7u \u00ab des dizaines de r\u00e9clamations de parents d\u2019\u00e9l\u00e8ves scolaris\u00e9s dans des \u00e9coles priv\u00e9es, concernant [&hellip;]<\/p>\n","protected":false},"author":1740,"featured_media":0,"comment_status":"closed","ping_status":"closed","sticky":false,"template":"","format":"standard","meta":{"fifu_image_url":"","fifu_image_alt":"","footnotes":""},"categories":[53,76],"tags":[],"class_list":["post-85369","post","type-post","status-publish","format-standard","hentry","category-algerie","category-regions"],"_links":{"self":[{"href":"https:\/\/linitiative.ca\/International\/wp-json\/wp\/v2\/posts\/85369","targetHints":{"allow":["GET"]}}],"collection":[{"href":"https:\/\/linitiative.ca\/International\/wp-json\/wp\/v2\/posts"}],"about":[{"href":"https:\/\/linitiative.ca\/International\/wp-json\/wp\/v2\/types\/post"}],"author":[{"embeddable":true,"href":"https:\/\/linitiative.ca\/International\/wp-json\/wp\/v2\/users\/1740"}],"replies":[{"embeddable":true,"href":"https:\/\/linitiative.ca\/International\/wp-json\/wp\/v2\/comments?post=85369"}],"version-history":[{"count":0,"href":"https:\/\/linitiative.ca\/International\/wp-json\/wp\/v2\/posts\/85369\/revisions"}],"wp:attachment":[{"href":"https:\/\/linitiative.ca\/International\/wp-json\/wp\/v2\/media?parent=85369"}],"wp:term":[{"taxonomy":"category","embeddable":true,"href":"https:\/\/linitiative.ca\/International\/wp-json\/wp\/v2\/categories?post=85369"},{"taxonomy":"post_tag","embeddable":true,"href":"https:\/\/linitiative.ca\/International\/wp-json\/wp\/v2\/tags?post=85369"}],"curies":[{"name":"wp","href":"https:\/\/api.w.org\/{rel}","templated":true}]}}