{"id":85370,"date":"2020-05-13T13:41:00","date_gmt":"2020-05-13T17:41:00","guid":{"rendered":"https:\/\/linitiative.ca\/International\/mascara-la-semoule-a-170-da-le-kg-et-le-poulet-a-400-da\/"},"modified":"2020-05-13T13:41:00","modified_gmt":"2020-05-13T17:41:00","slug":"mascara-la-semoule-a-170-da-le-kg-et-le-poulet-a-400-da","status":"publish","type":"post","link":"https:\/\/linitiative.ca\/International\/mascara-la-semoule-a-170-da-le-kg-et-le-poulet-a-400-da\/","title":{"rendered":"MASCARA : La semoule \u00e0 170 DA le kg  et le poulet \u00e0 400 DA"},"content":{"rendered":"<p><br id=\"sep_para_1\" class=\"sep_para access\"\/><\/p>\n<div id=\"para_1\" class=\"para_36949754 resize\">\n<div class=\"texte access firstletter\">Les uns endossent la responsabilit\u00e9 \u00e0 l\u2019Etat \u00e0 travers ses structures de planification et de contr\u00f4le. Les autres trouvent que c\u2019est le citoyen qui encourage la sp\u00e9culation au vu de sa demande croissante, certains commer\u00e7ants v\u00e9reux trouvent l\u2019occasion pour impos\u00e9 leur diktat. Si Mohamed a un autre point de vue \u00ab le citoyen est la cause principale de la sp\u00e9culation, c\u2019est le citoyen qui\u00a0 ouvre la voie aux commer\u00e7ants d\u2019en profiter de cette situation, pour augmenter les prix, sp\u00e9culer et frauder sur toutes les mati\u00e8res expos\u00e9s au niveau des souks. Avant-hier seulement, le ministre du commerce a annonc\u00e9 que la viande blanche ne doit pas d\u00e9passer les 250,00 DA \/kg. Or le voil\u00e0, 24 heures plus tard, c\u00e9d\u00e9 a 400,00 DA\/Kg est ce c\u2019est un d\u00e9fi que les bouchers font au Ministre pour le discr\u00e9dit aux vues des citoyens ou les services de contr\u00f4les ne sont pas a la hauteur de leur tache ? Les commerces ne s\u2019arr\u00eatent de revendiquer l\u2019ouverture de leurs commerces ou la r\u00e9compense par une prime, les commer\u00e7ants doivent rendre compte de leur acte, ils ne collaborent point avec leur pays qui est dans le besoin, les inspections de la fraudes doivent se rendre sur le terrain, les stocks son dans des lieux loin du magasin de vente. Les commer\u00e7ants ont des comptes \u00e0 rendre au vu de leurs factures, les stocks ne figurent point sur la facture, tout se joue dans le noir.<\/div>\n<\/div>\n<p>Auteur: B. Boufaden<br \/>\n<a href=\"https:\/\/www.reflexiondz.net\/MASCARA-La-semoule-a-170-DA-le-kg-et-le-poulet-a-400-DA_a62679.html\">Cliquez ici pour lire l&rsquo;article depuis sa source.<\/a><\/p>\n","protected":false},"excerpt":{"rendered":"<p>Les uns endossent la responsabilit\u00e9 \u00e0 l\u2019Etat \u00e0 travers ses structures de planification et de contr\u00f4le. Les autres trouvent que c\u2019est le citoyen qui encourage la sp\u00e9culation au vu de sa demande croissante, certains commer\u00e7ants v\u00e9reux trouvent l\u2019occasion pour impos\u00e9 leur diktat. Si Mohamed a un autre point de vue \u00ab le citoyen est la [&hellip;]<\/p>\n","protected":false},"author":1740,"featured_media":0,"comment_status":"closed","ping_status":"closed","sticky":false,"template":"","format":"standard","meta":{"fifu_image_url":"","fifu_image_alt":"","footnotes":""},"categories":[53,76],"tags":[],"class_list":["post-85370","post","type-post","status-publish","format-standard","hentry","category-algerie","category-regions"],"_links":{"self":[{"href":"https:\/\/linitiative.ca\/International\/wp-json\/wp\/v2\/posts\/85370","targetHints":{"allow":["GET"]}}],"collection":[{"href":"https:\/\/linitiative.ca\/International\/wp-json\/wp\/v2\/posts"}],"about":[{"href":"https:\/\/linitiative.ca\/International\/wp-json\/wp\/v2\/types\/post"}],"author":[{"embeddable":true,"href":"https:\/\/linitiative.ca\/International\/wp-json\/wp\/v2\/users\/1740"}],"replies":[{"embeddable":true,"href":"https:\/\/linitiative.ca\/International\/wp-json\/wp\/v2\/comments?post=85370"}],"version-history":[{"count":0,"href":"https:\/\/linitiative.ca\/International\/wp-json\/wp\/v2\/posts\/85370\/revisions"}],"wp:attachment":[{"href":"https:\/\/linitiative.ca\/International\/wp-json\/wp\/v2\/media?parent=85370"}],"wp:term":[{"taxonomy":"category","embeddable":true,"href":"https:\/\/linitiative.ca\/International\/wp-json\/wp\/v2\/categories?post=85370"},{"taxonomy":"post_tag","embeddable":true,"href":"https:\/\/linitiative.ca\/International\/wp-json\/wp\/v2\/tags?post=85370"}],"curies":[{"name":"wp","href":"https:\/\/api.w.org\/{rel}","templated":true}]}}