{"id":85371,"date":"2020-05-13T13:41:00","date_gmt":"2020-05-13T17:41:00","guid":{"rendered":"https:\/\/linitiative.ca\/International\/tiaret-le-chef-du-cabinet-du-wali-limoge\/"},"modified":"2020-05-13T13:41:00","modified_gmt":"2020-05-13T17:41:00","slug":"tiaret-le-chef-du-cabinet-du-wali-limoge","status":"publish","type":"post","link":"https:\/\/linitiative.ca\/International\/tiaret-le-chef-du-cabinet-du-wali-limoge\/","title":{"rendered":"TIARET : Le chef du cabinet du wali limog\u00e9"},"content":{"rendered":"<p><br id=\"sep_para_1\" class=\"sep_para access\"\/><\/p>\n<div id=\"para_1\" class=\"para_36949763 resize\">\n<div class=\"texte access firstletter\">Le cabinet du wali de Tiaret vient de connaitre quelques changements et ce apr\u00e8s des d\u00e9cisions, prises \u00e0 haut niveau. En effet et de sources g\u00e9n\u00e9ralement bien inform\u00e9es, l&rsquo;on apprend que l&rsquo;inspecteur g\u00e9n\u00e9ral de la wilaya a \u00e9t\u00e9 admis \u00e0 la retraite et que le chef du cabinet de Mr le wali de Tiaret a \u00e9t\u00e9 limog\u00e9. Dans le m\u00eame contexte, l&rsquo;administratrice qui assurait les fonctions de directeur de l&rsquo;administration locale de la wilaya de Tiaret, en remplacement du D.A.L, actuellement incarc\u00e9r \u00e0 Ain-Defla, a \u00e9t\u00e9 d\u00e9sign\u00e9e \u00e0 occuper le m\u00eame poste \u00e0 la wilaya d&rsquo;Ain-Temouchent et que certaines indiscr\u00e9tions font avancer que le poste de D.A.L de Tiaret sera g\u00e9r\u00e9 toujours par int\u00e9rim, eu \u00e9gard \u00e0 des pr\u00e9mices d\u2019enqu\u00eates d&rsquo;envergure qui pointent d\u00e9j\u00e0 \u00e0 l&rsquo;horizon et ce suite \u00e0 la chute du chef de cabinet, qui dit-on, d\u00e9tient la boite de Pandore et serait rattrap\u00e9 par des dossiers tr\u00e8s explosifs \u00e0 l&rsquo;exemple de la cr\u00e9ation d&rsquo;un bureau de marches contraires aux lois en vigueur et aussi d&rsquo;autres d\u00e9passements. Est-il utile de rappeler que cette op\u00e9ration d&rsquo;assainissement au niveau du cabinet et qui est men\u00e9e actuellement par le wali, a suscit\u00e9 beaucoup d\u2019int\u00e9r\u00eat chez la population.\u00a0<\/div>\n<\/div>\n<p>Auteur: Abdelkader Benrebiha<br \/>\n<a href=\"https:\/\/www.reflexiondz.net\/TIARET-Le-chef-du-cabinet-du-wali-limoge_a62680.html\">Cliquez ici pour lire l&rsquo;article depuis sa source.<\/a><\/p>\n","protected":false},"excerpt":{"rendered":"<p>Le cabinet du wali de Tiaret vient de connaitre quelques changements et ce apr\u00e8s des d\u00e9cisions, prises \u00e0 haut niveau. En effet et de sources g\u00e9n\u00e9ralement bien inform\u00e9es, l&rsquo;on apprend que l&rsquo;inspecteur g\u00e9n\u00e9ral de la wilaya a \u00e9t\u00e9 admis \u00e0 la retraite et que le chef du cabinet de Mr le wali de Tiaret a [&hellip;]<\/p>\n","protected":false},"author":1740,"featured_media":0,"comment_status":"closed","ping_status":"closed","sticky":false,"template":"","format":"standard","meta":{"fifu_image_url":"","fifu_image_alt":"","footnotes":""},"categories":[53,76],"tags":[],"class_list":["post-85371","post","type-post","status-publish","format-standard","hentry","category-algerie","category-regions"],"_links":{"self":[{"href":"https:\/\/linitiative.ca\/International\/wp-json\/wp\/v2\/posts\/85371","targetHints":{"allow":["GET"]}}],"collection":[{"href":"https:\/\/linitiative.ca\/International\/wp-json\/wp\/v2\/posts"}],"about":[{"href":"https:\/\/linitiative.ca\/International\/wp-json\/wp\/v2\/types\/post"}],"author":[{"embeddable":true,"href":"https:\/\/linitiative.ca\/International\/wp-json\/wp\/v2\/users\/1740"}],"replies":[{"embeddable":true,"href":"https:\/\/linitiative.ca\/International\/wp-json\/wp\/v2\/comments?post=85371"}],"version-history":[{"count":0,"href":"https:\/\/linitiative.ca\/International\/wp-json\/wp\/v2\/posts\/85371\/revisions"}],"wp:attachment":[{"href":"https:\/\/linitiative.ca\/International\/wp-json\/wp\/v2\/media?parent=85371"}],"wp:term":[{"taxonomy":"category","embeddable":true,"href":"https:\/\/linitiative.ca\/International\/wp-json\/wp\/v2\/categories?post=85371"},{"taxonomy":"post_tag","embeddable":true,"href":"https:\/\/linitiative.ca\/International\/wp-json\/wp\/v2\/tags?post=85371"}],"curies":[{"name":"wp","href":"https:\/\/api.w.org\/{rel}","templated":true}]}}