{"id":85372,"date":"2020-05-13T13:41:00","date_gmt":"2020-05-13T17:41:00","guid":{"rendered":"https:\/\/linitiative.ca\/International\/sour-mostaganem-la-protection-civile-retire-un-jeune-de-20-ans-du-fond-dun-puits\/"},"modified":"2020-05-13T13:41:00","modified_gmt":"2020-05-13T17:41:00","slug":"sour-mostaganem-la-protection-civile-retire-un-jeune-de-20-ans-du-fond-dun-puits","status":"publish","type":"post","link":"https:\/\/linitiative.ca\/International\/sour-mostaganem-la-protection-civile-retire-un-jeune-de-20-ans-du-fond-dun-puits\/","title":{"rendered":"SOUR (MOSTAGANEM) : La Protection civile retire un jeune de 20 ans du fond d\u2019un puits"},"content":{"rendered":"<p><br id=\"sep_para_1\" class=\"sep_para access\"\/><\/p>\n<div id=\"para_1\" class=\"para_36949806 resize\">\n<div class=\"texte access firstletter\">Le puits en question est situ\u00e9 \u00e0 environ 300 m\u00e8tres du centre de la commune de Sour, da\u00efra de Ain Tedel\u00e8s o\u00f9 un potentiel humain compos\u00e9 par\u00a0 deux (2) officiers et sept (07) agents, en plus d&rsquo;une ambulance et d&rsquo;un camion d\u2019intervention\u00a0 qui ont\u00a0 d\u00fb \u00eatre mobilis\u00e9s pour assurer le maximum de r\u00e9ussite \u00e0 cette d\u00e9licate op\u00e9ration. En effet, gr\u00e2ce \u00e0 leur professionnalisme\u00a0 les\u00a0 \u00e9l\u00e9ments de la protection civile ont exploit\u00e9 toutes leurs capacit\u00e9s d\u2019intervention et cette op\u00e9ration a \u00e9t\u00e9 couronn\u00e9e de succ\u00e8s en extrayant le jeune homme sains et sauf. C\u2019est la seconde fois, dans la semaine que les professionnels de la protection civile ont eu \u00e0 intervenir en extr\u00eame urgence dans un cas pareil .Cette fois, la vie du jeune homme d\u00e9nomm\u00e9 T.H , \u00e2g\u00e9 de 20 ans et r\u00e9sident \u00e0 m\u00eame la Commune de Sour, a pu \u00eatre sauv\u00e9e ,in extr\u00e9mis par suite de circonstance qui ont jou\u00e9 en sa faveur. La victime de cette chute vertigineuse au fond d\u2019un puits a eu la chance d\u2019avoir la vie sauve, gr\u00e2ce \u00e0 l\u2019efficace intervention de la protection civile cependant, il s\u2019en est sorti\u00a0 quand m\u00eame avec une double fracture : l\u2019une au bras et l\u2019autre, \u00e0 la jambe. Une fois sorti du puits, le jeune homme a re\u00e7u les soins de premiers secours prodigu\u00e9s par les \u00e9l\u00e9ments de la protection civile, sur les lieux de l&rsquo;accident avant d\u2019\u00eatre \u00e9vacu\u00e9 vers les services des urgences m\u00e9dicales de l&rsquo;h\u00f4pital\u00a0 de\u00a0 A\u00efn-Tedel\u00e8s.<\/div>\n<\/div>\n<p>Auteur: Younes Zahachi<br \/>\n<a href=\"https:\/\/www.reflexiondz.net\/SOUR-MOSTAGANEM-La-Protection-civile-retire-un-jeune-de-20-ans-du-fond-d-un-puits_a62686.html\">Cliquez ici pour lire l&rsquo;article depuis sa source.<\/a><\/p>\n","protected":false},"excerpt":{"rendered":"<p>Le puits en question est situ\u00e9 \u00e0 environ 300 m\u00e8tres du centre de la commune de Sour, da\u00efra de Ain Tedel\u00e8s o\u00f9 un potentiel humain compos\u00e9 par\u00a0 deux (2) officiers et sept (07) agents, en plus d&rsquo;une ambulance et d&rsquo;un camion d\u2019intervention\u00a0 qui ont\u00a0 d\u00fb \u00eatre mobilis\u00e9s pour assurer le maximum de r\u00e9ussite \u00e0 cette [&hellip;]<\/p>\n","protected":false},"author":1740,"featured_media":0,"comment_status":"closed","ping_status":"closed","sticky":false,"template":"","format":"standard","meta":{"fifu_image_url":"","fifu_image_alt":"","footnotes":""},"categories":[53,76],"tags":[],"class_list":["post-85372","post","type-post","status-publish","format-standard","hentry","category-algerie","category-regions"],"_links":{"self":[{"href":"https:\/\/linitiative.ca\/International\/wp-json\/wp\/v2\/posts\/85372","targetHints":{"allow":["GET"]}}],"collection":[{"href":"https:\/\/linitiative.ca\/International\/wp-json\/wp\/v2\/posts"}],"about":[{"href":"https:\/\/linitiative.ca\/International\/wp-json\/wp\/v2\/types\/post"}],"author":[{"embeddable":true,"href":"https:\/\/linitiative.ca\/International\/wp-json\/wp\/v2\/users\/1740"}],"replies":[{"embeddable":true,"href":"https:\/\/linitiative.ca\/International\/wp-json\/wp\/v2\/comments?post=85372"}],"version-history":[{"count":0,"href":"https:\/\/linitiative.ca\/International\/wp-json\/wp\/v2\/posts\/85372\/revisions"}],"wp:attachment":[{"href":"https:\/\/linitiative.ca\/International\/wp-json\/wp\/v2\/media?parent=85372"}],"wp:term":[{"taxonomy":"category","embeddable":true,"href":"https:\/\/linitiative.ca\/International\/wp-json\/wp\/v2\/categories?post=85372"},{"taxonomy":"post_tag","embeddable":true,"href":"https:\/\/linitiative.ca\/International\/wp-json\/wp\/v2\/tags?post=85372"}],"curies":[{"name":"wp","href":"https:\/\/api.w.org\/{rel}","templated":true}]}}