{"id":85379,"date":"2020-05-13T10:32:00","date_gmt":"2020-05-13T14:32:00","guid":{"rendered":"https:\/\/linitiative.ca\/International\/dr-mohamed-salah-ben-ammar-la-majorite-na-pas-toujours-raison\/"},"modified":"2020-05-13T10:32:00","modified_gmt":"2020-05-13T14:32:00","slug":"dr-mohamed-salah-ben-ammar-la-majorite-na-pas-toujours-raison","status":"publish","type":"post","link":"https:\/\/linitiative.ca\/International\/dr-mohamed-salah-ben-ammar-la-majorite-na-pas-toujours-raison\/","title":{"rendered":"Dr Mohamed Salah Ben Ammar: La majorit\u00e9 n\u2019a pas toujours raison!"},"content":{"rendered":"<p><span class=\"c2\"><em><strong>Par Dr Mohamed Salah Ben Ammar &#8211;<\/strong><\/em><\/span> La r\u00e9cente affaire de la jeune Emna Chargui poursuivie en justice pour avoir partag\u00e9 un texte, m\u00e9diocre mais cens\u00e9 \u00eatre humoristique est choquante \u00e0 plus d\u2019un titre. Et comme clore d\u00e9finitivement le d\u00e9bat certains affirment qu\u2019elle serait ath\u00e9e !<\/p>\n<p>Dans la m\u00eame veine, il y a quelques temps lors d\u2019une r\u00e9union internationale de bio\u00e9thique cautionn\u00e9e par une agence onusienne, la discussion d\u2019un texte sur la procr\u00e9ation artificielle a provoqu\u00e9 la col\u00e8re des repr\u00e9sentants de certains pays de notre r\u00e9gion. Pour me faire taire un des participants m\u2019a lanc\u00e9 l\u2019accusation supr\u00eame, ce projet de texte est pro-f\u00e9ministe et d\u00e9fend les droits des homosexuels ! Le plus choquant a \u00e9t\u00e9 la r\u00e9action de la salle, la violence de l\u2019intervention a sid\u00e9r\u00e9 tous les pr\u00e9sents, personne n\u2019a os\u00e9 r\u00e9agir, y compris moi.<\/p>\n<p>On ne compte plus les propos x\u00e9nophobes, sexistes, homophobes, r\u00e9gionalistes, antis\u00e9mites et les accusations d\u2019apostasie dans nos m\u00e9dias et m\u00eame \u00e0 l\u2019ARP. Un petit air f\u00e9tide des ann\u00e9es 30 en Europe. Des dirigeants de grands pays et non des moindre crient \u00e0 tue-t\u00eate, il ne peut y avoir d\u2019homosexuels ou d\u2019ath\u00e9es chez nous !<\/p>\n<p>Officiellement nous sommes une soci\u00e9t\u00e9 bien polic\u00e9e d\u2019o\u00f9 rien ne d\u00e9borde. Certains sujets sont tabous, personne n\u2019a le droit d\u2019en parler \u00e0 l\u2019exception des \u00ab milices des bonnes m\u0153urs et de la foi \u00bb qui sous le pr\u00e9texte fallacieux de d\u00e9fendre nos racines culturelles, elles s\u2019en prennent \u00e0 tous ceux qui s\u2019\u00e9cartent du \u00ab droit chemin \u00bb.<\/p>\n<p>Des limites ils en ont pas, certains sont all\u00e9s jusqu\u2019\u00e0 traiter les tunisiens binationaux de b\u00e2tards ?<\/p>\n<p>Les th\u00e9matiques classiques de n\u00e9ofascistes sont reprises sous couvert de la d\u00e9fense de notre culture ou religion, tout y passe les minorit\u00e9s, les intellectuels, les grosses fortunes&#8230;Cette l\u2019ambiance naus\u00e9abonde r\u00e8gne actuellement dans notre monde politique et peu ont le courage de r\u00e9agir, peut-\u00eatre m\u00eame qu\u2019une bonne majorit\u00e9 approuve ces \u00e9carts ?<\/p>\n<p>Les exemples de stigmatisations pourraient \u00eatre d\u00e9clin\u00e9s \u00e0 l\u2019infini, les noirs, les juifs, les tunisiens vivants \u00e0 l\u2019\u00e9tranger, ceux qui s\u2019habillent autrement, ceux qui parlent d\u2019autres langues et m\u00eame les malades mentaux, sans oublier les minorit\u00e9s sociales, je veux dire les femmes en particulier. La cible diff\u00e8re mais les m\u00e9canismes d\u2019exclusion sont les m\u00eames.<\/p>\n<p>\u00c9crire en chinois ou en russe ou en fran\u00e7ais remet-il pour autant en question notre attachement \u00e0 nos racines ?<br \/>Croire ou ne pas croire, jeuner ou ne pas jeuner, se teindre les cheveux, porter un maillot de bain, se raser la barbe\u2026Qui a fix\u00e9 la norme ? Ibn Taymya au 13eme si\u00e8cle ou Mohamed Ben Abdelawaheb au 18eme si\u00e8cle.<\/p>\n<p>Il est presque ind\u00e9cent de le r\u00e9affirmer, chacun a le droit de croire ou de ne pas croire et de l\u2019exprimer librement. Chacun a le droit de vivre sa sexualit\u00e9 comme il l\u2019entend du moment qu\u2019il s\u2019agit d\u2019adultes consentants qui ne nuisent \u00e0 personne.<\/p>\n<p>Les protecteurs \u00ab autoproclam\u00e9s \u00bb d\u2019un mod\u00e8le de soci\u00e9t\u00e9 n\u2019ont pas le droit de s\u2019immiscer dans ces sph\u00e8res strictement personnelles, \u00e0 partir du moment o\u00f9 elle n\u2019empi\u00e8te pas sur la libert\u00e9 des autres.<\/p>\n<p>Que repr\u00e9sentent \u00e0 l\u2019\u00e9chelle mondiale le nombre de livres \u00e9crits en arabe ou traduits \u00e0 l\u2019arabe par an ? Rien ou presque.<\/p>\n<p>Ils organisent des autodaf\u00e9s mais se plaignent de l\u2019affaiblissement de notre culture ! La haine les aveugle au point qu\u2019ils ne r\u00e9alisent m\u00eame plus qu\u2019eux et leurs semblables sont la principale cause de la d\u00e9cadence dans laquelle patauge notre vie culturelle !<\/p>\n<p>La meilleure fa\u00e7on de laisser s\u2019\u00e9panouir une culture n\u2019est-elle pas de la laisser ouverte aux autres cultures, de laisser la jeunesse s\u2019exprimer librement m\u00eame (surtout) dans ses exc\u00e8s, de laisser \u00e0 chacun la libert\u00e9 de ses convictions. De maitriser d\u2019autres langues ? Des stimuler la cr\u00e9ativit\u00e9 et de soutenir financi\u00e8rement toutes les initiatives, de financer les activit\u00e9s culturelles \u00e0 tous les niveaux, mais c\u2019est bien l\u00e0 le probl\u00e8me, ils craignent la libert\u00e9.<\/p>\n<p>\u00catre un bon citoyen, \u00eatre fier de ses origines, respecter son proche ne peut jamais se construire sur la contrainte ou la r\u00e9pression, il suffit de lire l\u2019histoire des civilisations, la vraie histoire, pas celle cr\u00e9\u00e9e \u00e0 des fins politiques.<\/p>\n<p>Nos diff\u00e9rences sont autant de richesses. Il nous faut apprendre \u00e0 vivre ensemble et accepter l\u2019autre, cela ne va pas de soi, j\u2019en conviens. Pour reprendre une id\u00e9e ch\u00e8re \u00e0 Proudhon je dirai que le plus important est de socialiser les libert\u00e9s individuelles pour leur permettre de s\u2019\u00e9panouir sainement. Toutes formes de r\u00e9pression des esprits aussi minimes soient-elles ne sert qu\u2019\u00e0 assouvir un sentiment primaire chez les humains, exclure les personnes diff\u00e9rentes.<\/p>\n<p>Essayer de rendre invisible la diff\u00e9rence est une perte de chance pour toute la communaut\u00e9. Les diff\u00e9rences existent et elles continueront \u00e0 exister, elles sont une richesse. Les vraies menaces pour notre culture, pour l\u2019islam et la langue arabe sont l\u2019immobilisme, l\u2019ignorance, l\u2019obscurantisme, le repli sur soi, la haine de l\u2019autre celui qui est diff\u00e9rent. Bref tous ces travers, contraires aux valeurs humanistes qui ont fait la grandeur de la civilisation arabo-musulmane.<\/p>\n<p>Le respect des droits des minorit\u00e9s est un des piliers de notre d\u00e9mocratie, garanti par la constitution tunisienne et les lois tunisiennes, il est actuellement bafou\u00e9 quotidiennement, nous devons nous mobiliser pour l\u2019imposer.<\/p>\n<p class=\"c3\"><strong>Dr Mohamed Salah Ben Ammar<\/strong><br \/>\u00a0<\/p>\n<p>Auteur:<br \/>\n<a href=\"https:\/\/www.leaders.com.tn\/article\/29920-dr-mohamed-salah-ben-ammar-la-majorite-n-a-pas-toujours-raison\">Cliquez ici pour lire l&rsquo;article depuis sa source.<\/a><\/p>\n","protected":false},"excerpt":{"rendered":"<p>Par Dr Mohamed Salah Ben Ammar &#8211; La r\u00e9cente affaire de la jeune Emna Chargui poursuivie en justice pour avoir partag\u00e9 un texte, m\u00e9diocre mais cens\u00e9 \u00eatre humoristique est choquante \u00e0 plus d\u2019un titre. Et comme clore d\u00e9finitivement le d\u00e9bat certains affirment qu\u2019elle serait ath\u00e9e ! Dans la m\u00eame veine, il y a quelques temps [&hellip;]<\/p>\n","protected":false},"author":1772,"featured_media":0,"comment_status":"closed","ping_status":"closed","sticky":false,"template":"","format":"standard","meta":{"fifu_image_url":"","fifu_image_alt":"","footnotes":""},"categories":[73,55],"tags":[],"class_list":["post-85379","post","type-post","status-publish","format-standard","hentry","category-actualite","category-tunisie"],"_links":{"self":[{"href":"https:\/\/linitiative.ca\/International\/wp-json\/wp\/v2\/posts\/85379","targetHints":{"allow":["GET"]}}],"collection":[{"href":"https:\/\/linitiative.ca\/International\/wp-json\/wp\/v2\/posts"}],"about":[{"href":"https:\/\/linitiative.ca\/International\/wp-json\/wp\/v2\/types\/post"}],"author":[{"embeddable":true,"href":"https:\/\/linitiative.ca\/International\/wp-json\/wp\/v2\/users\/1772"}],"replies":[{"embeddable":true,"href":"https:\/\/linitiative.ca\/International\/wp-json\/wp\/v2\/comments?post=85379"}],"version-history":[{"count":0,"href":"https:\/\/linitiative.ca\/International\/wp-json\/wp\/v2\/posts\/85379\/revisions"}],"wp:attachment":[{"href":"https:\/\/linitiative.ca\/International\/wp-json\/wp\/v2\/media?parent=85379"}],"wp:term":[{"taxonomy":"category","embeddable":true,"href":"https:\/\/linitiative.ca\/International\/wp-json\/wp\/v2\/categories?post=85379"},{"taxonomy":"post_tag","embeddable":true,"href":"https:\/\/linitiative.ca\/International\/wp-json\/wp\/v2\/tags?post=85379"}],"curies":[{"name":"wp","href":"https:\/\/api.w.org\/{rel}","templated":true}]}}