{"id":85381,"date":"2020-05-13T12:00:00","date_gmt":"2020-05-13T16:00:00","guid":{"rendered":"https:\/\/linitiative.ca\/International\/les-terres-domaniales-en-tunisie-histoire-dune-appropriation-par-les-pouvoirs-publics\/"},"modified":"2020-05-13T12:00:00","modified_gmt":"2020-05-13T16:00:00","slug":"les-terres-domaniales-en-tunisie-histoire-dune-appropriation-par-les-pouvoirs-publics","status":"publish","type":"post","link":"https:\/\/linitiative.ca\/International\/les-terres-domaniales-en-tunisie-histoire-dune-appropriation-par-les-pouvoirs-publics\/","title":{"rendered":"Les terres domaniales en Tunisie: Histoire d\u2019une appropriation par les pouvoirs publics"},"content":{"rendered":"<p>En Tunisie, la nationalisation, le 12 mai 1964, des terres de la colonisation a permis aux pouvoirs publics de disposer d\u2019un patrimoine foncier de grande importance. Les terres de la colonisation avaient \u00e9t\u00e9 constitu\u00e9es \u00e0 partir d\u2019un processus de domanialisation, \u00e0 la suite de la disqualification des droits traditionnels et de l\u2019introduction, par le Protectorat, du droit moderne. Les terres ainsi accapar\u00e9es avaient \u00e9t\u00e9 affect\u00e9es \u00e0 des colons. R\u00e9cup\u00e9r\u00e9es d\u00e8s l\u2019Ind\u00e9pendance, ces terres ont \u00e9t\u00e9 mobilis\u00e9es, tout au long des ann\u00e9es qui ont suivi, pour servir les diff\u00e9rentes politiques agricoles. Ce processus a \u00e9t\u00e9 facilit\u00e9 par la nature m\u00eame du r\u00e9gime foncier tunisien, qui articule des sources juridiques de diff\u00e9rentes origines. L\u2019article met en avant l\u2019instrumentalisation des normes juridiques et leur mobilisation \u00e0 des fins politiques, depuis le Protectorat jusqu\u2019\u00e0 la r\u00e9volution de janvier 2011.<\/p>\n<p><a href=\"\/uploads\/FCK_files\/Etudes%20rurales_Les%20terres%20domaniales%20en%20Tunisie_Histoire%20.pdf\" target=\"_blank\" rel=\"noopener noreferrer\">T\u00e9l\u00e9charger document<\/a><\/p>\n<p class=\"c2\"><strong>Mohamed Elloumi<\/strong><\/p>\n<p>Auteur:<br \/>\n<a href=\"https:\/\/www.leaders.com.tn\/article\/29924-les-terres-domaniales-en-tunisie-histoire-d-une-appropriation-par-les-pouvoirs-publics\">Cliquez ici pour lire l&rsquo;article depuis sa source.<\/a><\/p>\n","protected":false},"excerpt":{"rendered":"<p>En Tunisie, la nationalisation, le 12 mai 1964, des terres de la colonisation a permis aux pouvoirs publics de disposer d\u2019un patrimoine foncier de grande importance. Les terres de la colonisation avaient \u00e9t\u00e9 constitu\u00e9es \u00e0 partir d\u2019un processus de domanialisation, \u00e0 la suite de la disqualification des droits traditionnels et de l\u2019introduction, par le Protectorat, [&hellip;]<\/p>\n","protected":false},"author":1772,"featured_media":0,"comment_status":"closed","ping_status":"closed","sticky":false,"template":"","format":"standard","meta":{"fifu_image_url":"","fifu_image_alt":"","footnotes":""},"categories":[73,55],"tags":[],"class_list":["post-85381","post","type-post","status-publish","format-standard","hentry","category-actualite","category-tunisie"],"_links":{"self":[{"href":"https:\/\/linitiative.ca\/International\/wp-json\/wp\/v2\/posts\/85381","targetHints":{"allow":["GET"]}}],"collection":[{"href":"https:\/\/linitiative.ca\/International\/wp-json\/wp\/v2\/posts"}],"about":[{"href":"https:\/\/linitiative.ca\/International\/wp-json\/wp\/v2\/types\/post"}],"author":[{"embeddable":true,"href":"https:\/\/linitiative.ca\/International\/wp-json\/wp\/v2\/users\/1772"}],"replies":[{"embeddable":true,"href":"https:\/\/linitiative.ca\/International\/wp-json\/wp\/v2\/comments?post=85381"}],"version-history":[{"count":0,"href":"https:\/\/linitiative.ca\/International\/wp-json\/wp\/v2\/posts\/85381\/revisions"}],"wp:attachment":[{"href":"https:\/\/linitiative.ca\/International\/wp-json\/wp\/v2\/media?parent=85381"}],"wp:term":[{"taxonomy":"category","embeddable":true,"href":"https:\/\/linitiative.ca\/International\/wp-json\/wp\/v2\/categories?post=85381"},{"taxonomy":"post_tag","embeddable":true,"href":"https:\/\/linitiative.ca\/International\/wp-json\/wp\/v2\/tags?post=85381"}],"curies":[{"name":"wp","href":"https:\/\/api.w.org\/{rel}","templated":true}]}}