{"id":85388,"date":"2020-05-13T11:09:28","date_gmt":"2020-05-13T15:09:28","guid":{"rendered":"https:\/\/linitiative.ca\/International\/le-vrai-du-faux-sur-le-coronavirus-au-maroc-ce-mercredi-13-mai\/"},"modified":"2020-05-13T11:09:28","modified_gmt":"2020-05-13T15:09:28","slug":"le-vrai-du-faux-sur-le-coronavirus-au-maroc-ce-mercredi-13-mai","status":"publish","type":"post","link":"https:\/\/linitiative.ca\/International\/le-vrai-du-faux-sur-le-coronavirus-au-maroc-ce-mercredi-13-mai\/","title":{"rendered":"Le vrai du faux sur le coronavirus au Maroc, ce mercredi 13 mai"},"content":{"rendered":"<p><strong>Le Coronavirus, qui a fait plus de 4 millions de cas de contamination dans le monde, est \u00e0 l\u2019origine d\u2019un flot de Fake news relay\u00e9es sur les r\u00e9seaux sociaux. La MAP fait le tri entre l\u2019intox et les bonnes informations pour une meilleure sensibilisation.<\/strong><\/p>\n<div class=\"c10\"\/>\n<p>\u2013 Contamination de 22 cas au nouveau coronavirus (Covid-19) dans la prison locale de Sefrou. <strong>FAUX<\/strong><\/p>\n<p>\u2013 48 nouveaux cas d\u2019infection au Covid-19 ont \u00e9t\u00e9 confirm\u00e9s au Maroc, portant \u00e0 6.466 le nombre total des cas de contamination. <strong>VRAI<\/strong><\/p>\n<p>\u2013 Ouverture des magasins pour l\u2019achat des tenues de l\u2019Aid dans plusieurs ville du Royaume. <strong>FAUX<\/strong><\/p>\n<p>\u2013 Les sujets d\u2019examen du baccalaur\u00e9at pour la premi\u00e8re et la deuxi\u00e8me ann\u00e9es ne porteront que sur les cours dispens\u00e9s dans le cadre de l\u2019enseignement pr\u00e9sentiel avant la date de suspension des \u00e9tudes. <strong>VRAI<\/strong><\/p>\n<p>Lire aussi : <a href=\"https:\/\/www.challenge.ma\/ce-que-vous-devez-savoir-sur-le-coronavirus-134568\/\" target=\"_blank\" rel=\"noreferrer noopener\" aria-label=\" (s&#x2019;ouvre dans un nouvel onglet)\">Ce que vous devez savoir sur le coronavirus<\/a><\/p>\n<p>\u2013 Une deuxi\u00e8me op\u00e9ration de soutien aux m\u00e9nages du secteur informel ayant perdu leurs revenus du fait de l\u2019\u00e9tat d\u2019urgence sanitaire, d\u00e9marrera le jeudi 14 mai. <strong>VRAI<\/strong><\/p>\n<p>\u2013 Un total de 5.216 d\u00e9tenus ont b\u00e9n\u00e9fici\u00e9 de proc\u00e8s \u00e0 distance pour leur \u00e9pargner tous les risques sanitaires possibles en cette conjoncture exceptionnelle. <strong>VRAI<\/strong><\/p>\n<p>\u2013 Pr\u00e8s de 6.000 contenus num\u00e9riques ont \u00e9t\u00e9 mis \u00e0 la disposition de toutes les branches d\u2019\u00e9tudes et les diff\u00e9rents niveaux scolaires. <strong>VRAI<\/strong><\/p>\n<p>\u2013 La Chambre des conseillers a entam\u00e9 mardi une nouvelle exp\u00e9rience dans le domaine l\u00e9gislatif, en adoptant le vote \u00e9lectronique \u00e0 distance. <strong>VRAI<\/strong><\/p>\n<p>\u2013 Les universit\u00e9s marocaines ont produit plus de 100.000 ressources num\u00e9riques diversifi\u00e9es. <strong>VRAI<\/strong><\/p>\n<p>\u2013 Suspension du chef de l\u2019annexe administrative Ain Chock pour \u00ab\u00a0non-intervention\u00a0\u00bb pour faire appliquer les mesures de l\u2019\u00e9tat d\u2019urgence sanitaire. <strong>VRAI<\/strong><\/p>\n<div class=\"c17\">\n<fieldset class=\"c16\">\n<legend><strong><span class=\"c11\">Challenge<\/span><span class=\"c12\">news<\/span><\/strong><\/legend>\n<div class=\"c15\">Le meilleur de Challenge s\u00e9lectionn\u00e9 par la r\u00e9daction :<\/p>\n<\/div>\n<\/fieldset>\n<\/div>\n<p>Auteur: Hajar DARI<br \/>\n<a href=\"https:\/\/www.challenge.ma\/le-vrai-du-faux-sur-le-coronavirus-au-maroc-ce-mercredi-13-mai-140247\/\">Cliquez ici pour lire l&rsquo;article depuis sa source.<\/a><\/p>\n","protected":false},"excerpt":{"rendered":"<p>Le Coronavirus, qui a fait plus de 4 millions de cas de contamination dans le monde, est \u00e0 l\u2019origine d\u2019un flot de Fake news relay\u00e9es sur les r\u00e9seaux sociaux. La MAP fait le tri entre l\u2019intox et les bonnes informations pour une meilleure sensibilisation. \u2013 Contamination de 22 cas au nouveau coronavirus (Covid-19) dans la [&hellip;]<\/p>\n","protected":false},"author":1787,"featured_media":0,"comment_status":"closed","ping_status":"closed","sticky":false,"template":"","format":"standard","meta":{"fifu_image_url":"","fifu_image_alt":"","footnotes":""},"categories":[78,54],"tags":[],"class_list":["post-85388","post","type-post","status-publish","format-standard","hentry","category-economie","category-maroc"],"_links":{"self":[{"href":"https:\/\/linitiative.ca\/International\/wp-json\/wp\/v2\/posts\/85388","targetHints":{"allow":["GET"]}}],"collection":[{"href":"https:\/\/linitiative.ca\/International\/wp-json\/wp\/v2\/posts"}],"about":[{"href":"https:\/\/linitiative.ca\/International\/wp-json\/wp\/v2\/types\/post"}],"author":[{"embeddable":true,"href":"https:\/\/linitiative.ca\/International\/wp-json\/wp\/v2\/users\/1787"}],"replies":[{"embeddable":true,"href":"https:\/\/linitiative.ca\/International\/wp-json\/wp\/v2\/comments?post=85388"}],"version-history":[{"count":0,"href":"https:\/\/linitiative.ca\/International\/wp-json\/wp\/v2\/posts\/85388\/revisions"}],"wp:attachment":[{"href":"https:\/\/linitiative.ca\/International\/wp-json\/wp\/v2\/media?parent=85388"}],"wp:term":[{"taxonomy":"category","embeddable":true,"href":"https:\/\/linitiative.ca\/International\/wp-json\/wp\/v2\/categories?post=85388"},{"taxonomy":"post_tag","embeddable":true,"href":"https:\/\/linitiative.ca\/International\/wp-json\/wp\/v2\/tags?post=85388"}],"curies":[{"name":"wp","href":"https:\/\/api.w.org\/{rel}","templated":true}]}}