{"id":85389,"date":"2020-05-13T11:30:31","date_gmt":"2020-05-13T15:30:31","guid":{"rendered":"https:\/\/linitiative.ca\/International\/coronavirus-ericsson-sadapte-a-la-conjoncture\/"},"modified":"2020-05-13T11:30:31","modified_gmt":"2020-05-13T15:30:31","slug":"coronavirus-ericsson-sadapte-a-la-conjoncture","status":"publish","type":"post","link":"https:\/\/linitiative.ca\/International\/coronavirus-ericsson-sadapte-a-la-conjoncture\/","title":{"rendered":"Coronavirus : Ericsson s\u2019adapte \u00e0 la conjoncture"},"content":{"rendered":"<p><strong>Nora Wahby, directrice g\u00e9n\u00e9rale de Ericsson Maroc, a mis en avant \u00e0 l\u2019occasion d\u2019un webinaire les actions mises en place dans le cadre de la gestion des r\u00e9seaux, ainsi que les changements continus dans la structure du trafic en cette p\u00e9riode de crise.<\/strong><\/p>\n<div class=\"c10\"\/>\n<p>La crise sanitaire du coronavirus a cr\u00e9\u00e9 une situation in\u00e9dite au niveau mondial. Le confinement impos\u00e9 pour contenir la propagation du virus a entra\u00een\u00e9 des demandes suppl\u00e9mentaires sur les r\u00e9seaux, poussant les fournisseurs de service \u00e0 s\u2019adapter. \u00ab\u00a0Gr\u00e2ce aux services de t\u00e9l\u00e9communications, nous avons pu garder plusieurs personnes au travail (via le t\u00e9l\u00e9travail) ce qui a permis de soutenir l\u2019\u00e9conomie. Les familles sont \u00e9galement rest\u00e9es en contact, dont des \u00e9tudiants \u00e0 l\u2019\u00e9tranger\u00a0\u00bb, souligne Nora Wahby, directrice g\u00e9n\u00e9rale d\u2019Ericsson Maroc.<\/p>\n<p>Lire aussi : <a href=\"https:\/\/www.challenge.ma\/ce-que-vous-devez-savoir-sur-le-coronavirus-134568\/\" target=\"_blank\" rel=\"noreferrer noopener\" aria-label=\" (s&#x2019;ouvre dans un nouvel onglet)\">Ce que vous devez savoir sur le coronavirus<\/a><\/p>\n<p>La responsable a indiqu\u00e9 qu\u2019un impact cons\u00e9quent du trafic a \u00e9t\u00e9 constat\u00e9 sur l\u2019utilisation des r\u00e9seaux, notamment \u00e0 cause d\u2019une demande suppl\u00e9mentaire sur la bande passante plus \u00e9lev\u00e9e pour les jeux et le streaming. Aussi, la consommation a connu une hausse. Nora Wahby l\u2019explique par la pression consid\u00e9rable sur la connectivit\u00e9 \u00e0 domicile tout au long de la journ\u00e9e due au confinement. Autres r\u00e9sultats\u00a0: une r\u00e9duction de la mobilit\u00e9 a \u00e9t\u00e9 constat\u00e9e au profit de l\u2019utilisation massive du Wi-Fi, ainsi qu\u2019une modification des sch\u00e9mas d\u2019utilisation avec une forte concentration dans les banlieues. Cela r\u00e9sulte du d\u00e9placement de l\u2019utilisation des r\u00e9seaux du centre-ville (lieu de travail) aux zones r\u00e9sidentielles (notamment les banlieues). Une augmentation de la demande et du trafic pour la voix et le haut d\u00e9bit a \u00e9galement \u00e9t\u00e9 relev\u00e9e.<\/p>\n<div class=\"wp-block-image\"><img decoding=\"async\" src=\"https:\/\/www.challenge.ma\/wp-content\/uploads\/2020\/05\/ericson-1024x595.jpg\" alt=\"\" class=\"wp-image-140252\" srcset=\"https:\/\/www.challenge.ma\/wp-content\/uploads\/2020\/05\/ericson-1024x595.jpg 1024w, https:\/\/www.challenge.ma\/wp-content\/uploads\/2020\/05\/ericson-300x174.jpg 300w, https:\/\/www.challenge.ma\/wp-content\/uploads\/2020\/05\/ericson-768x446.jpg 768w, https:\/\/www.challenge.ma\/wp-content\/uploads\/2020\/05\/ericson-360x209.jpg 360w, https:\/\/www.challenge.ma\/wp-content\/uploads\/2020\/05\/ericson-750x436.jpg 750w, https:\/\/www.challenge.ma\/wp-content\/uploads\/2020\/05\/ericson.jpg 1040w\" sizes=\"(max-width: 1024px) 100vw, 1024px\"\/><\/div>\n<p>Pour faire face \u00e0 cette situation, quelques entreprises ont r\u00e9duit la qualit\u00e9 de service pour s\u2019adapter \u00e0 la demande sur le trafic (notamment Netflix). Les fournisseurs de service ont \u00e9galement r\u00e9agi pour soutenir la demande, via l\u2019assouplissement entre autres de la bande passante.<\/p>\n<p><strong>Actions entreprises<\/strong><\/p>\n<p>D\u00e8s le d\u00e9clenchement de la crise sanitaire, Ericsson a mis en place plusieurs actions pour faire face \u00e0 cette situation in\u00e9dite. Il s\u2019agit tout d\u2019abord des actions de sant\u00e9 et s\u00e9curit\u00e9 au travail. L\u2019entreprise a ainsi \u00e9t\u00e9 le premier fournisseur de service \u00e0 annoncer l\u2019annulation de sa participation au Mobile World Congress. Elle a \u00e9galement mis en place des restrictions aux voyages d\u2019affaires non-essentiels et instaur\u00e9 le travail \u00e0 domicile \u00e0 partir de la mi-mars. Ericsson a \u00e9galement opt\u00e9 pour le suivi des recommandations de l\u2019Organisation mondiale de la Sant\u00e9 et des autorit\u00e9s locales et a fourni des \u00e9quipements de protection pour les \u00e9quipes op\u00e9rant sur le terrain. Aussi, elle a organis\u00e9 des sessions de sensibilisation au profit de ces derniers.<\/p>\n<div class=\"c17\">\n<fieldset class=\"c16\">\n<legend><strong><span class=\"c11\">Challenge<\/span><span class=\"c12\">news<\/span><\/strong><\/legend>\n<div class=\"c15\">Le meilleur de Challenge s\u00e9lectionn\u00e9 par la r\u00e9daction :<\/p>\n<\/div>\n<\/fieldset>\n<\/div>\n<p>Auteur: Karim Handaoui<br \/>\n<a href=\"https:\/\/www.challenge.ma\/coronavirus-ericsson-sadapte-a-la-conjoncture-140251\/\">Cliquez ici pour lire l&rsquo;article depuis sa source.<\/a><\/p>\n","protected":false},"excerpt":{"rendered":"<p>Nora Wahby, directrice g\u00e9n\u00e9rale de Ericsson Maroc, a mis en avant \u00e0 l\u2019occasion d\u2019un webinaire les actions mises en place dans le cadre de la gestion des r\u00e9seaux, ainsi que les changements continus dans la structure du trafic en cette p\u00e9riode de crise. La crise sanitaire du coronavirus a cr\u00e9\u00e9 une situation in\u00e9dite au niveau [&hellip;]<\/p>\n","protected":false},"author":1787,"featured_media":85390,"comment_status":"closed","ping_status":"closed","sticky":false,"template":"","format":"standard","meta":{"fifu_image_url":"","fifu_image_alt":"","footnotes":""},"categories":[78,54],"tags":[],"class_list":["post-85389","post","type-post","status-publish","format-standard","has-post-thumbnail","hentry","category-economie","category-maroc"],"_links":{"self":[{"href":"https:\/\/linitiative.ca\/International\/wp-json\/wp\/v2\/posts\/85389","targetHints":{"allow":["GET"]}}],"collection":[{"href":"https:\/\/linitiative.ca\/International\/wp-json\/wp\/v2\/posts"}],"about":[{"href":"https:\/\/linitiative.ca\/International\/wp-json\/wp\/v2\/types\/post"}],"author":[{"embeddable":true,"href":"https:\/\/linitiative.ca\/International\/wp-json\/wp\/v2\/users\/1787"}],"replies":[{"embeddable":true,"href":"https:\/\/linitiative.ca\/International\/wp-json\/wp\/v2\/comments?post=85389"}],"version-history":[{"count":0,"href":"https:\/\/linitiative.ca\/International\/wp-json\/wp\/v2\/posts\/85389\/revisions"}],"wp:featuredmedia":[{"embeddable":true,"href":"https:\/\/linitiative.ca\/International\/wp-json\/"}],"wp:attachment":[{"href":"https:\/\/linitiative.ca\/International\/wp-json\/wp\/v2\/media?parent=85389"}],"wp:term":[{"taxonomy":"category","embeddable":true,"href":"https:\/\/linitiative.ca\/International\/wp-json\/wp\/v2\/categories?post=85389"},{"taxonomy":"post_tag","embeddable":true,"href":"https:\/\/linitiative.ca\/International\/wp-json\/wp\/v2\/tags?post=85389"}],"curies":[{"name":"wp","href":"https:\/\/api.w.org\/{rel}","templated":true}]}}