{"id":85393,"date":"2020-05-13T12:37:19","date_gmt":"2020-05-13T16:37:19","guid":{"rendered":"https:\/\/linitiative.ca\/International\/enseignement-superieur-les-cours-reprendront-en-septembre-prochain\/"},"modified":"2020-05-13T12:37:19","modified_gmt":"2020-05-13T16:37:19","slug":"enseignement-superieur-les-cours-reprendront-en-septembre-prochain","status":"publish","type":"post","link":"https:\/\/linitiative.ca\/International\/enseignement-superieur-les-cours-reprendront-en-septembre-prochain\/","title":{"rendered":"Enseignement sup\u00e9rieur : les cours reprendront en septembre prochain"},"content":{"rendered":"<p><strong>Le gouvernement a tranch\u00e9. Il n\u2019y aura pas de cours en pr\u00e9sentiel dans les \u00e9tablissements d\u2019enseignement sup\u00e9rieur au Maroc jusqu\u2019au mois de septembre.<\/strong><\/p>\n<div class=\"c10\"\/>\n<p>C\u2019est ce qu\u2019a annonc\u00e9 ce 13 mai le ministre de l\u2019Education nationale et porte-parole du <strong>gouvernement<\/strong>, Said Amzazi, devant la Commission de l\u2019\u00e9ducation, de la culture et de la communication \u00e0 la Chambre des repr\u00e9sentants. Le ministre a soulign\u00e9 que les dates des examens seront annonc\u00e9es prochainement pour l\u2019<strong>enseignement sup\u00e9rieur<\/strong> et la formation professionnelle. Il a expliqu\u00e9 que le minist\u00e8re dispose aujourd\u2019hui d\u2019un certain nombre de sc\u00e9narios pour la fin de l\u2019ann\u00e9e scolaire et la r\u00e9ussite des examens, qui tiendront compte, en coordination avec les minist\u00e8res de la Sant\u00e9 et de l\u2019Int\u00e9rieur, de la situation \u00e9pid\u00e9miologique li\u00e9e \u00e0 la propagation du Covid-19.<\/p>\n<p>Lire aussi: <a href=\"https:\/\/www.challenge.ma\/coronavirus-ericsson-sadapte-a-la-conjoncture-140251\/\">Coronavirus : Ericsson s\u2019adapte \u00e0 la conjoncture<\/a><\/p>\n<p>De m\u00eame, il est revenu sur la situation des \u00e9tudiants, et a fait remarquer que de nombreux \u00e9tudiants ont quitt\u00e9 les <strong>cit\u00e9s universitaires<\/strong>, en raison de leur fermeture, \u00e0 l\u2019exception des \u00e9tudiants \u00e9trangers, et que le d\u00e9placement de ces \u00e9tudiants depuis leurs villes pourrait \u00e9galement poser un probl\u00e8me. Concernant la <strong>formation professionnelle<\/strong>, le ministre a rappel\u00e9 l\u2019adoption de l\u2019enseignement \u00e0 distance, malgr\u00e9 les difficult\u00e9s, \u00e9tant donn\u00e9 que cette formation n\u00e9cessite un travail manuel, ajoutant que depuis le 19 mars dernier, le minist\u00e8re a mis \u00e0 la disposition de tous les apprentis une plateforme comprenant un ensemble de ressources num\u00e9riques.<\/p>\n<p>Le ministre a \u00e9galement soulign\u00e9 l\u2019implication de tous les formateurs dans l\u2019accompagnement des apprentis, indiquant qu\u2019en plus des cours th\u00e9matiques, une <strong>plateforme<\/strong> d\u00e9di\u00e9e aux langues \u00e9trang\u00e8res (fran\u00e7ais et anglais) a \u00e9t\u00e9 mise \u00e0 leur disposition gratuitement, ainsi qu\u2019un certain nombre de ressources num\u00e9riques et une <strong>biblioth\u00e8que num\u00e9rique<\/strong> comprenant 40.000 livres. Au niveau des travaux pratiques, Said Amzazi a laiss\u00e9 entendre qu\u2019ils seront report\u00e9s \u00e0 septembre prochain.<\/p>\n<div class=\"c17\">\n<fieldset class=\"c16\">\n<legend><strong><span class=\"c11\">Challenge<\/span><span class=\"c12\">news<\/span><\/strong><\/legend>\n<div class=\"c15\">Le meilleur de Challenge s\u00e9lectionn\u00e9 par la r\u00e9daction :<\/p>\n<\/div>\n<\/fieldset>\n<\/div>\n<p>Auteur: challenge<br \/>\n<a href=\"https:\/\/www.challenge.ma\/enseignement-superieur-les-cours-reprendront-en-septembre-prochain-140260\/\">Cliquez ici pour lire l&rsquo;article depuis sa source.<\/a><\/p>\n","protected":false},"excerpt":{"rendered":"<p>Le gouvernement a tranch\u00e9. Il n\u2019y aura pas de cours en pr\u00e9sentiel dans les \u00e9tablissements d\u2019enseignement sup\u00e9rieur au Maroc jusqu\u2019au mois de septembre. C\u2019est ce qu\u2019a annonc\u00e9 ce 13 mai le ministre de l\u2019Education nationale et porte-parole du gouvernement, Said Amzazi, devant la Commission de l\u2019\u00e9ducation, de la culture et de la communication \u00e0 la [&hellip;]<\/p>\n","protected":false},"author":1787,"featured_media":0,"comment_status":"closed","ping_status":"closed","sticky":false,"template":"","format":"standard","meta":{"fifu_image_url":"","fifu_image_alt":"","footnotes":""},"categories":[78,54],"tags":[],"class_list":["post-85393","post","type-post","status-publish","format-standard","hentry","category-economie","category-maroc"],"_links":{"self":[{"href":"https:\/\/linitiative.ca\/International\/wp-json\/wp\/v2\/posts\/85393","targetHints":{"allow":["GET"]}}],"collection":[{"href":"https:\/\/linitiative.ca\/International\/wp-json\/wp\/v2\/posts"}],"about":[{"href":"https:\/\/linitiative.ca\/International\/wp-json\/wp\/v2\/types\/post"}],"author":[{"embeddable":true,"href":"https:\/\/linitiative.ca\/International\/wp-json\/wp\/v2\/users\/1787"}],"replies":[{"embeddable":true,"href":"https:\/\/linitiative.ca\/International\/wp-json\/wp\/v2\/comments?post=85393"}],"version-history":[{"count":0,"href":"https:\/\/linitiative.ca\/International\/wp-json\/wp\/v2\/posts\/85393\/revisions"}],"wp:attachment":[{"href":"https:\/\/linitiative.ca\/International\/wp-json\/wp\/v2\/media?parent=85393"}],"wp:term":[{"taxonomy":"category","embeddable":true,"href":"https:\/\/linitiative.ca\/International\/wp-json\/wp\/v2\/categories?post=85393"},{"taxonomy":"post_tag","embeddable":true,"href":"https:\/\/linitiative.ca\/International\/wp-json\/wp\/v2\/tags?post=85393"}],"curies":[{"name":"wp","href":"https:\/\/api.w.org\/{rel}","templated":true}]}}