{"id":85396,"date":"2020-05-13T15:18:05","date_gmt":"2020-05-13T19:18:05","guid":{"rendered":"https:\/\/linitiative.ca\/International\/bollore-sengage-dans-la-riposte-contre-le-covid-19-en-cote-divoire\/"},"modified":"2020-05-13T15:18:05","modified_gmt":"2020-05-13T19:18:05","slug":"bollore-sengage-dans-la-riposte-contre-le-covid-19-en-cote-divoire","status":"publish","type":"post","link":"https:\/\/linitiative.ca\/International\/bollore-sengage-dans-la-riposte-contre-le-covid-19-en-cote-divoire\/","title":{"rendered":"Bollor\u00e9 s\u2019engage dans la riposte contre le covid-19 en C\u00f4te d\u2019Ivoire"},"content":{"rendered":"<div readability=\"32\">\n<p>Publi\u00e9 le 13.05.2020 \u00e0 20h18 par APA News<\/p>\n<\/div>\n<div readability=\"82\">\n<p>Dans le cadre de la lutte contre le Covid-19, les filiales de Bollor\u00e9 Transport &amp; Logistics en C\u00f4te d\u2019Ivoire ont apport\u00e9 leur contribution au plan de riposte initi\u00e9 par le gouvernement ivoirien.Bollor\u00e9 Transport &amp; Logistics C\u00f4te d\u2019Ivoire, Abidjan Terminal, Sitarail et Carena ont manifest\u00e9 leur \u00e9lan de solidarit\u00e9 \u00e0 travers la communaut\u00e9 portuaire, indique un communiqu\u00e9 transmis \u00e0 APA.<\/p>\n<p>Elles ont aussi proc\u00e9d\u00e9 \u00e0 la remise de dons de plusieurs conteneurs am\u00e9nag\u00e9s et frigorifiques \u00e0 l\u2019Institut Pasteur de C\u00f4te d\u2019Ivoire et \u00e0 la ville de San Pedro pour les accompagner dans leurs missions de recherche et de lutte contre la pand\u00e9mie du Covid-19.<\/p>\n<p>Les filiales de Bollor\u00e9 Transport &amp; Logistics ont, dans le m\u00eame temps, offert au Centre des op\u00e9rations d\u2019urgence de C\u00f4te d\u2019Ivoire, 1.000 combinaisons d\u2019intervention et pr\u00e8s d\u2019un millier de paires de gants pour renforcer la s\u00e9curit\u00e9 et les conditions d\u2019intervention des \u00e9quipes.<\/p>\n<p>Bien plus, les communes abritant les installations des entreprises de Bollor\u00e9 Transport &amp; Logistics \u00e0 Abidjan ont re\u00e7u des produits d\u2019hygi\u00e8ne, des consommables sanitaires et des vivres destin\u00e9s aux populations. Elles ont enfin remis, \u00e0 la Radiot\u00e9l\u00e9vision ivoirienne (RTI), des kits de lavage de mains pour renforcer le dispositif de pr\u00e9vention de cette institution qui assure la sensibilisation aux gestes barri\u00e8res.<\/p>\n<p>Bollor\u00e9 Transport &amp; Logistics a par ailleurs mis en \u0153uvre d\u2019importantes mesures pour assurer la protection de son personnel, des clients tout en garantissant la continuit\u00e9 de la chaine d\u2019approvisionnement de la C\u00f4te d\u2019Ivoire et des pays de la sous-r\u00e9gion. Une priorit\u00e9 est accord\u00e9e \u00e0 la logistique des produits m\u00e9dicaux et de premi\u00e8re n\u00e9cessit\u00e9, indispensables au bien-\u00eatre des populations face \u00e0 cette crise sanitaire.<\/p>\n<p>\u00ab\u00a0Bollor\u00e9 Transport &amp; Logistics est engag\u00e9e dans le plan de riposte contre le Covid-19 pour limiter le risque de contagion au sein des communaut\u00e9s\u00a0\u00bb,a d\u00e9clar\u00e9 Martine Coffi-Studer, Pr\u00e9sidente du Conseil d\u2019Administration de Bollor\u00e9 Transport &amp; Logistics C\u00f4te d\u2019Ivoire.<\/p>\n<p>Selon elle, cette contribution vient renforcer les dispositifs de pr\u00e9vention de la pand\u00e9mie, am\u00e9liorer les capacit\u00e9s des structures sanitaires et soutenir les actions sociales, pour limiter les effets de la pand\u00e9mie. Notre d\u00e9marche multi-cibles, permet \u00e9galement via nos diff\u00e9rentes filiales, d\u2019accompagner le gouvernement et de mat\u00e9rialiser notre soutien aux populations.<\/p>\n<\/div>\n<p>Auteur: APA News<br \/>\n<a href=\"https:\/\/www.journalducameroun.com\/bollore-sengage-dans-la-riposte-contre-le-covid-19-en-cote-divoire\/\">Cliquez ici pour lire l&rsquo;article depuis sa source.<\/a><\/p>\n","protected":false},"excerpt":{"rendered":"<p>Publi\u00e9 le 13.05.2020 \u00e0 20h18 par APA News Dans le cadre de la lutte contre le Covid-19, les filiales de Bollor\u00e9 Transport &amp; Logistics en C\u00f4te d\u2019Ivoire ont apport\u00e9 leur contribution au plan de riposte initi\u00e9 par le gouvernement ivoirien.Bollor\u00e9 Transport &amp; Logistics C\u00f4te d\u2019Ivoire, Abidjan Terminal, Sitarail et Carena ont manifest\u00e9 leur \u00e9lan de [&hellip;]<\/p>\n","protected":false},"author":1965,"featured_media":0,"comment_status":"closed","ping_status":"closed","sticky":false,"template":"","format":"standard","meta":{"fifu_image_url":"","fifu_image_alt":"","footnotes":""},"categories":[73,82],"tags":[],"class_list":["post-85396","post","type-post","status-publish","format-standard","hentry","category-actualite","category-cameroun"],"_links":{"self":[{"href":"https:\/\/linitiative.ca\/International\/wp-json\/wp\/v2\/posts\/85396","targetHints":{"allow":["GET"]}}],"collection":[{"href":"https:\/\/linitiative.ca\/International\/wp-json\/wp\/v2\/posts"}],"about":[{"href":"https:\/\/linitiative.ca\/International\/wp-json\/wp\/v2\/types\/post"}],"author":[{"embeddable":true,"href":"https:\/\/linitiative.ca\/International\/wp-json\/wp\/v2\/users\/1965"}],"replies":[{"embeddable":true,"href":"https:\/\/linitiative.ca\/International\/wp-json\/wp\/v2\/comments?post=85396"}],"version-history":[{"count":0,"href":"https:\/\/linitiative.ca\/International\/wp-json\/wp\/v2\/posts\/85396\/revisions"}],"wp:attachment":[{"href":"https:\/\/linitiative.ca\/International\/wp-json\/wp\/v2\/media?parent=85396"}],"wp:term":[{"taxonomy":"category","embeddable":true,"href":"https:\/\/linitiative.ca\/International\/wp-json\/wp\/v2\/categories?post=85396"},{"taxonomy":"post_tag","embeddable":true,"href":"https:\/\/linitiative.ca\/International\/wp-json\/wp\/v2\/tags?post=85396"}],"curies":[{"name":"wp","href":"https:\/\/api.w.org\/{rel}","templated":true}]}}