{"id":85406,"date":"2020-05-13T12:03:51","date_gmt":"2020-05-13T16:03:51","guid":{"rendered":"https:\/\/linitiative.ca\/International\/vers-la-fin-des-delestages-a-yaounde-et-ses-environs\/"},"modified":"2020-05-13T12:03:51","modified_gmt":"2020-05-13T16:03:51","slug":"vers-la-fin-des-delestages-a-yaounde-et-ses-environs","status":"publish","type":"post","link":"https:\/\/linitiative.ca\/International\/vers-la-fin-des-delestages-a-yaounde-et-ses-environs\/","title":{"rendered":"Vers la fin des d\u00e9lestages \u00e0 Yaound\u00e9 et ses environs"},"content":{"rendered":"<div id=\"the-post\">\n<div class=\"featured-area featured-area-inner\"><img loading=\"lazy\" decoding=\"async\" width=\"780\" height=\"470\" src=\"https:\/\/ecomatin.net\/wp-content\/uploads\/2020\/05\/ENEO-1-780x470.jpg\" class=\"attachment-jannah-image-post size-jannah-image-post wp-post-image\" alt=\"AGENT D'ENEO\" data-attachment-id=\"15975\" data-permalink=\"https:\/\/ecomatin.net\/vers-la-fin-des-delestages-a-yaounde-et-ses-environs\/eneo-9\/\" data-orig-file=\"https:\/\/ecomatin.net\/wp-content\/uploads\/2020\/05\/ENEO-1.jpg\" data-orig-size=\"1280,720\" data-comments-opened=\"0\" data-image-meta=\"{&quot;aperture&quot;:&quot;0&quot;,&quot;credit&quot;:&quot;&quot;,&quot;camera&quot;:&quot;&quot;,&quot;caption&quot;:&quot;&quot;,&quot;created_timestamp&quot;:&quot;0&quot;,&quot;copyright&quot;:&quot;&quot;,&quot;focal_length&quot;:&quot;0&quot;,&quot;iso&quot;:&quot;0&quot;,&quot;shutter_speed&quot;:&quot;0&quot;,&quot;title&quot;:&quot;&quot;,&quot;orientation&quot;:&quot;0&quot;}\" data-image-title=\"ENEO\" data-image-description=\"\" data-medium-file=\"https:\/\/ecomatin.net\/wp-content\/uploads\/2020\/05\/ENEO-1-300x169.jpg\" data-large-file=\"https:\/\/ecomatin.net\/wp-content\/uploads\/2020\/05\/ENEO-1-1024x576.jpg\"\/><\/div>\n<div class=\"entry-content entry clearfix\" readability=\"41.191526919682\">\n<p><strong>Victor Mbemi Nyaknga<\/strong>, le Directeur g\u00e9n\u00e9ral de la Soci\u00e9t\u00e9 nationale de transport d\u2019\u00e9lectricit\u00e9 (<strong>Sonatrel<\/strong>)\u00a0redoute la r\u00e9surgence des d\u00e9lestages \u00e0 <strong>Yaound\u00e9<\/strong> et ses environs. Des mesures ont \u00e9t\u00e9 prises par cette entreprise en charge du transport de l\u2019\u00e9nergie \u00e9lectrique.\u00a0Elle a d\u00e9cid\u00e9 de l\u2019installation de deux postes transformateurs \u00e0 <strong>Kondengui<\/strong> et Ahala. D\u2019une puissance de 50 Mva, ces \u00e9quipements vont, selon les responsables de l\u2019entreprise, am\u00e9liorer la qualit\u00e9 de la desserte en courant \u00e9lectrique dans la ville de Yaound\u00e9.\u00a0\u00a0Au poste transformateur de Kodengui, les travaux d\u2019installation ont dur\u00e9 pr\u00e8s d\u2019une semaine et l\u2019aboutissement a eu lieu vendredi 8 mai d\u2019o\u00f9 la suspension d\u2019\u00e9nergie dans une soixantaine de quartiers.\u00a0\u00a0A <strong>Ahala<\/strong>, les travaux d\u2019installation sont \u00e9galement boucl\u00e9s.<\/p>\n<p class=\"has-background has-very-light-gray-background-color c2\"><code><strong>&gt;&gt;LIRE AUSSI-<\/strong><\/code> <strong><a href=\"https:\/\/ecomatin.net\/eneo-annonce-un-week-end-noir-a-yaounde-et-ses-environs\/\">Eneo annonce un week-end noir \u00e0 Yaound\u00e9 et ses environs<\/a><\/strong><\/p>\n<p>A\u00a0\u00a0en croire le DG qui y a effectu\u00e9 une descente de terrain le 12 mai dernier, il y aura une am\u00e9lioration de la qualit\u00e9 du service d\u2019\u00e9lectricit\u00e9, am\u00e9lioration de la qualit\u00e9 de tension et aussi la diminution de la perte d\u2019\u00e9nergie au niveau du r\u00e9seau de transport. \u00ab\u00a0<em>Ce sont des transformateurs de 50 Mva d\u2019une garantie de deux ans qui remplacent ceux de 36Mva. Il y a donc une mont\u00e9e en puissance de 16Mva de plus. A travers ces r\u00e9alisations, les populations de Yaound\u00e9 seront tr\u00e8s satisfaites du service public de l\u2019\u00e9lectricit\u00e9<\/em>\u00a0\u00bb rassure\u00a0\u00a0Victor Mbemi Nyaknga. En ce qui concerne la maintenance de ces \u00e9quipements, toutes les dispositions ont \u00e9t\u00e9 prises \u00e9galement. Le directeur de la maintenance des r\u00e9seaux sera de mise pour ces nouveaux \u00e9quipements dont le montant n\u2019a pas \u00e9t\u00e9 r\u00e9v\u00e9l\u00e9.<\/p>\n<div class=\"awac-wrapper awac widget posts-list-widget-13\">\n<h4 class=\"widget-title\">Recent Posts<\/h4>\n<\/div>\n<\/div>\n<\/div>\n<div readability=\"31.5\">\n<div class=\"container-wrapper subscribe-widget widget-inner-wrap subscribe-widget-content\" id=\"post-newsletter\" readability=\"33\">\n<h4>With Product You Purchase<\/h4>\n<h3>Subscribe to our mailing list to get the new updates!<\/h3>\n<p>Lorem ipsum dolor sit amet, consectetur.<\/p>\n<\/div>\n<\/div>\n<p>Auteur: EcoMatin<br \/>\n<a href=\"https:\/\/ecomatin.net\/vers-la-fin-des-delestages-a-yaounde-et-ses-environs\/\">Cliquez ici pour lire l&rsquo;article depuis sa source.<\/a><\/p>\n","protected":false},"excerpt":{"rendered":"<p>Victor Mbemi Nyaknga, le Directeur g\u00e9n\u00e9ral de la Soci\u00e9t\u00e9 nationale de transport d\u2019\u00e9lectricit\u00e9 (Sonatrel)\u00a0redoute la r\u00e9surgence des d\u00e9lestages \u00e0 Yaound\u00e9 et ses environs. Des mesures ont \u00e9t\u00e9 prises par cette entreprise en charge du transport de l\u2019\u00e9nergie \u00e9lectrique.\u00a0Elle a d\u00e9cid\u00e9 de l\u2019installation de deux postes transformateurs \u00e0 Kondengui et Ahala. D\u2019une puissance de 50 Mva, [&hellip;]<\/p>\n","protected":false},"author":1969,"featured_media":85407,"comment_status":"closed","ping_status":"closed","sticky":false,"template":"","format":"standard","meta":{"fifu_image_url":"","fifu_image_alt":"","footnotes":""},"categories":[82,78],"tags":[],"class_list":["post-85406","post","type-post","status-publish","format-standard","has-post-thumbnail","hentry","category-cameroun","category-economie"],"_links":{"self":[{"href":"https:\/\/linitiative.ca\/International\/wp-json\/wp\/v2\/posts\/85406","targetHints":{"allow":["GET"]}}],"collection":[{"href":"https:\/\/linitiative.ca\/International\/wp-json\/wp\/v2\/posts"}],"about":[{"href":"https:\/\/linitiative.ca\/International\/wp-json\/wp\/v2\/types\/post"}],"author":[{"embeddable":true,"href":"https:\/\/linitiative.ca\/International\/wp-json\/wp\/v2\/users\/1969"}],"replies":[{"embeddable":true,"href":"https:\/\/linitiative.ca\/International\/wp-json\/wp\/v2\/comments?post=85406"}],"version-history":[{"count":0,"href":"https:\/\/linitiative.ca\/International\/wp-json\/wp\/v2\/posts\/85406\/revisions"}],"wp:featuredmedia":[{"embeddable":true,"href":"https:\/\/linitiative.ca\/International\/wp-json\/"}],"wp:attachment":[{"href":"https:\/\/linitiative.ca\/International\/wp-json\/wp\/v2\/media?parent=85406"}],"wp:term":[{"taxonomy":"category","embeddable":true,"href":"https:\/\/linitiative.ca\/International\/wp-json\/wp\/v2\/categories?post=85406"},{"taxonomy":"post_tag","embeddable":true,"href":"https:\/\/linitiative.ca\/International\/wp-json\/wp\/v2\/tags?post=85406"}],"curies":[{"name":"wp","href":"https:\/\/api.w.org\/{rel}","templated":true}]}}