{"id":85416,"date":"2020-05-14T10:38:35","date_gmt":"2020-05-14T14:38:35","guid":{"rendered":"https:\/\/linitiative.ca\/International\/el-youbi-expliquera-ce-samedi-la-situation-epidemiologique-au-grand-public\/"},"modified":"2020-05-14T10:38:35","modified_gmt":"2020-05-14T14:38:35","slug":"el-youbi-expliquera-ce-samedi-la-situation-epidemiologique-au-grand-public","status":"publish","type":"post","link":"https:\/\/linitiative.ca\/International\/el-youbi-expliquera-ce-samedi-la-situation-epidemiologique-au-grand-public\/","title":{"rendered":"El Youbi expliquera ce samedi la situation \u00e9pid\u00e9miologique au grand public"},"content":{"rendered":"<p><img decoding=\"async\" class=\"post_layout_5_img\" src=\"http:\/\/aujourdhui.ma\/wp-content\/uploads\/2020\/05\/Mohamed-El-Youbi-webinaire-covid-19.jpg\" alt=\"El Youbi expliquera ce samedi la situation &#xE9;pid&#xE9;miologique au grand public\"\/><\/p>\n<p><span class=\"c8\"><span class=\"c7\"><strong>Un s\u00e9minaire virtuel \u00absans pr\u00e9c\u00e9dent\u00bb sera adress\u00e9, samedi au grand public, sur le virus Covid-19 et la situation \u00e9pid\u00e9miologique dans notre pays, notamment chez les enfants.<\/strong><\/span> <span id=\"more-344959\"\/><\/span><\/p>\n<p>Un \u00e9v\u00e9nement co\u00efncidant avec la comm\u00e9moration de la Semaine mondiale de la vaccination. Cette rencontre se tiendra entre 17h et 18h30, que chacun peut suivre via le lien : <span class=\"c10\"><strong><a class=\"c9\" href=\"http:\/\/infovac.j4tinfo.com\" target=\"_blank\" rel=\"noopener noreferrer\">http:\/\/infovac.j4tinfo.com<\/a><\/strong><\/span><\/p>\n<p>Ce webinaire sera anim\u00e9 par le Dr Mohamed El Youbi, directeur de l\u2019\u00e9pid\u00e9miologie au minist\u00e8re de la sant\u00e9, pour parler du Covid-19 chez les enfants et de la situation \u00e9pid\u00e9miologique au Maroc. Il sera entour\u00e9 de Dr Moulay Said Afif, pr\u00e9sident d\u2019Infovac-Maroc et p\u00e9diatre, pour faire part de la gestion des cabinets de p\u00e9diatrie en cette p\u00e9riode de pand\u00e9mie.<\/p>\n<p>A son tour, le professeur Robert Cohen, de France, sera de la partie pour aborder les sp\u00e9cificit\u00e9s de Covid-19 chez les enfants. De son c\u00f4t\u00e9, le professeur Mohamed Bouskraoui, doyen de la Facult\u00e9 de m\u00e9decine et de pharmacie de Marrakech, traitera de l\u2019importance du suivi du calendrier vaccinal chez les jeunes enfants.<\/p>\n<p>Cet \u00e9v\u00e9nement sera organis\u00e9 par la plate-forme d\u2019information valid\u00e9e sur les vaccins et la vaccination, Infovac-Maroc, en coop\u00e9ration avec le minist\u00e8re de la sant\u00e9, et en partenariat avec l\u2019Association marocaine des maladies infectieuses p\u00e9diatriques et de la vaccination, l\u2019Association marocaine de p\u00e9diatrie et les associations p\u00e9diatriques de Casablanca, Rabat, F\u00e8s, Tanger, Mekn\u00e8s, Marrakech-Tensift, Agadir, El Jadida-Doukkala.<\/p>\n<p>Auteur: ALM<br \/>\n<a href=\"https:\/\/aujourdhui.ma\/societe\/el-youbi-expliquera-ce-samedi-la-situation-epidemiologique-au-grand-public\">Cliquez ici pour lire l&rsquo;article depuis sa source.<\/a><\/p>\n","protected":false},"excerpt":{"rendered":"<p>Un s\u00e9minaire virtuel \u00absans pr\u00e9c\u00e9dent\u00bb sera adress\u00e9, samedi au grand public, sur le virus Covid-19 et la situation \u00e9pid\u00e9miologique dans notre pays, notamment chez les enfants. Un \u00e9v\u00e9nement co\u00efncidant avec la comm\u00e9moration de la Semaine mondiale de la vaccination. Cette rencontre se tiendra entre 17h et 18h30, que chacun peut suivre via le lien : [&hellip;]<\/p>\n","protected":false},"author":1759,"featured_media":85417,"comment_status":"closed","ping_status":"closed","sticky":false,"template":"","format":"standard","meta":{"fifu_image_url":"","fifu_image_alt":"","footnotes":""},"categories":[73,54],"tags":[],"class_list":["post-85416","post","type-post","status-publish","format-standard","has-post-thumbnail","hentry","category-actualite","category-maroc"],"_links":{"self":[{"href":"https:\/\/linitiative.ca\/International\/wp-json\/wp\/v2\/posts\/85416","targetHints":{"allow":["GET"]}}],"collection":[{"href":"https:\/\/linitiative.ca\/International\/wp-json\/wp\/v2\/posts"}],"about":[{"href":"https:\/\/linitiative.ca\/International\/wp-json\/wp\/v2\/types\/post"}],"author":[{"embeddable":true,"href":"https:\/\/linitiative.ca\/International\/wp-json\/wp\/v2\/users\/1759"}],"replies":[{"embeddable":true,"href":"https:\/\/linitiative.ca\/International\/wp-json\/wp\/v2\/comments?post=85416"}],"version-history":[{"count":0,"href":"https:\/\/linitiative.ca\/International\/wp-json\/wp\/v2\/posts\/85416\/revisions"}],"wp:featuredmedia":[{"embeddable":true,"href":"https:\/\/linitiative.ca\/International\/wp-json\/"}],"wp:attachment":[{"href":"https:\/\/linitiative.ca\/International\/wp-json\/wp\/v2\/media?parent=85416"}],"wp:term":[{"taxonomy":"category","embeddable":true,"href":"https:\/\/linitiative.ca\/International\/wp-json\/wp\/v2\/categories?post=85416"},{"taxonomy":"post_tag","embeddable":true,"href":"https:\/\/linitiative.ca\/International\/wp-json\/wp\/v2\/tags?post=85416"}],"curies":[{"name":"wp","href":"https:\/\/api.w.org\/{rel}","templated":true}]}}