{"id":85418,"date":"2020-05-13T13:53:30","date_gmt":"2020-05-13T17:53:30","guid":{"rendered":"https:\/\/linitiative.ca\/International\/verdict-de-la-commission-federale-la-reprise-se-precise-mais\/"},"modified":"2020-05-13T13:53:30","modified_gmt":"2020-05-13T17:53:30","slug":"verdict-de-la-commission-federale-la-reprise-se-precise-mais","status":"publish","type":"post","link":"https:\/\/linitiative.ca\/International\/verdict-de-la-commission-federale-la-reprise-se-precise-mais\/","title":{"rendered":"Verdict de la commission f\u00e9d\u00e9rale : la reprise se pr\u00e9cise, mais\u2026"},"content":{"rendered":"<p class=\"c2\"><strong>Rachid Lebchir<\/strong><\/p>\n<p class=\"has-text-color c3\"><strong>Trois jours apr\u00e8s sa constitution lors de la r\u00e9union \u00e0 distance du Comit\u00e9 directeur de la F\u00e9d\u00e9ration royale marocaine de football, la commission f\u00e9d\u00e9rale charg\u00e9e d\u2019examiner la situation g\u00e9n\u00e9rale du football national et d\u2019\u00e9tudier les solutions r\u00e9alistes de la reprise de la Botola a rendu son verdict. La reprise de la Botola se pr\u00e9cise, mais l\u2019\u00e9ventuel retour pr\u00e9vu dans la seconde moiti\u00e9 de juillet prochain reste conditionn\u00e9 au feu vert des autorit\u00e9s nationales de lever l\u2019\u00e9tat d\u2019urgence sanitaire, le 20 mai courant, pour cause de la pand\u00e9mie de Coronavirus qui est toujours de mise\u2026<\/strong><\/p>\n<p>Les comp\u00e9titions sportives nationales dont celles du football vont pouvoir reprendre leur chemin vers une fin de saison qui n\u2019a que trop tard\u00e9. La commission charg\u00e9e d\u2019\u00e9tudier les solutions r\u00e9alistes pour une reprise des activit\u00e9s footballistiques a, parait-il, fini ses travaux en se constituant plusieurs id\u00e9es apr\u00e8s deux \u00e0 trois r\u00e9unions en pr\u00e9sence de ses composantes dont les pr\u00e9sidents des ligues nationales de football professionnel et des amateurs, la direction technique nationale, certains pr\u00e9sidents de clubs, d\u2019entra\u00eeneurs nationaux, de pr\u00e9parateurs physiques\u2026 ainsi que certains repr\u00e9sentants des m\u00e9decins affili\u00e9s \u00e0 la FRMF.<\/p>\n<p>Juste apr\u00e8s la fin de ses travaux au d\u00e9but de cette semaine, ladite commission f\u00e9d\u00e9rale a rendu les sc\u00e9narios de la reprise bas\u00e9s sur les conditions techniques, sanitaires, organisationnelles et logistiques\u2026, au pr\u00e9sident de la FRMF qui, de sa part, doit faire de m\u00eame avec son Comit\u00e9 directeur avant de contacter les autorit\u00e9s nationales dont les minist\u00e8res de la sant\u00e9, de l\u2019int\u00e9rieur et de tutelle , pour avoir l\u2019autorisation finale du retour aux comp\u00e9titions.<\/p>\n<p>En attendant, les sc\u00e9narios propos\u00e9s font \u00e9tat d\u2019un protocole d\u00e9cisif d\u2019un possible retour du championnat mais seulement en Division 1 de la Botola. La Division 2 reste en discussion alors qu\u2019une fin de saison avant terme n\u2019est pas \u00e0 \u00e9loigner pour les comp\u00e9titions des amateurs et des divisions inf\u00e9rieures.<\/p>\n<p>Il faut ainsi sauver ce qui peut l\u2019\u00eatre encore dans ces moments de crise sanitaire o\u00f9 au moins une comp\u00e9tition peut reprendre ses droits. La commission f\u00e9d\u00e9rale sugg\u00e8re ainsi de se contenter de la Division des grands de la Botola Pro en se fixant une date de reprise pour le 15 juillet prochain. Cela pour permettre aux clubs de bien se pr\u00e9parer avec un d\u00e9lai de 6 semaines d\u2019entra\u00eenements collectifs progressifs. Selon ladite commission, la dur\u00e9e d\u2019un mois et demi de pr\u00e9paratifs permettra de jouer des matches comp\u00e9titifs et dans des conditions saines \u00e0 condition qu\u2019ils soient disput\u00e9s dans un p\u00e9rim\u00e8tre ne d\u00e9passant pas une distance de 100 km.<\/p>\n<p>Et avant d\u2019entamer les matches, les joueurs et leurs entourages doivent \u00eatre mis sous le confinement sanitaire lors des deux derni\u00e8res semaines des pr\u00e9paratifs.<\/p>\n<p>Aussi, les clubs et leurs joueurs devront \u00eatre log\u00e9s dans des h\u00f4tels dans ces villes et loin de leurs familles durant toute la p\u00e9riode pr\u00e9cis\u00e9e jusqu\u2019\u00e0 la fin de saison.<\/p>\n<p>Plusieurs stades dont ceux de Casablanca, Berrechid, El Jadida ont \u00e9t\u00e9 donn\u00e9s \u00e0 titre d\u2019exemple pour abriter les matches, tout comme ceux de Mohammedia, Rabat, Sal\u00e9, ceux de Berkane, Oujda, Nador ou encore ceux de Tanger, T\u00e9touan, El Hoceima qui peuvent constituer les distances triangulaires du rayon des 100 Km exig\u00e9s. Des villes ayant des stades r\u00e9pondant aux normes \u00a0escompt\u00e9s dont l\u2019\u00e9clairage afin de disputer certains matches en nocturne.<\/p>\n<p>Durant les matches qui se disputeront \u00e0 huis-clos, l\u2019acc\u00e8s aux stades sera tr\u00e8s limit\u00e9. Seulement un nombre tr\u00e8s restreint de personnes regroupant les joueurs et staffs des deux \u00e9quipes, les arbitres, les forces de l\u2019ordre, le corps m\u00e9dical ainsi que le personnel de la presse notamment de la t\u00e9l\u00e9vision sont autoris\u00e9s \u00e0 y acc\u00e9der. Les autres composantes du corps de la presse \u00e9crite et ceux de la radio n\u2019ont pas \u00e9t\u00e9, malheureusement, cit\u00e9s dans le programme de ladite commission f\u00e9d\u00e9rale qui les voit en dehors des stades tout en se contentant de leur organiser des conf\u00e9rences de presse en plein air au lieu des salles qui leur y ont \u00e9t\u00e9 r\u00e9serv\u00e9es.<\/p>\n<p>Voil\u00e0 ce qui est envisag\u00e9 pour cette reprise sous condition, \u00e9galement de ne pas entamer les matches des 10 journ\u00e9es restant encore \u00e0 disputer, sans que la priorit\u00e9 ne soit donn\u00e9e \u00e0 la mise \u00e0 jour. Les clubs qui ont des matchs en retard et qui sont encore plus nombreux, seront les premiers \u00e0 reprendre la comp\u00e9tition dont le Raja Casablanca qui en compte 5 en moins.<\/p>\n<p>Ce sont l\u00e0 en gros les sc\u00e9narios propos\u00e9s par la commission f\u00e9d\u00e9rale dans l\u2019espoir du retour aux comp\u00e9titions dans les deux divisions de la Botola Pro tout en restant vigilant afin de ne pas jeter l\u2019\u00e9ponge si les conditions sanitaires impos\u00e9es par la pand\u00e9mie ne le permettent pas. Dans ce cas l\u00e0, la f\u00e9d\u00e9ration serait accul\u00e9e \u00e0 l\u2019annulation et pourrait ainsi prendre en consid\u00e9ration les r\u00e9sultats\u00a0 enregistr\u00e9s jusqu\u2019\u00e0 la 20<sup>e<\/sup> journ\u00e9e date la suspension de la Botola mais \u00e0 condition que tous les matches en retard soient disput\u00e9s dans celui pas encore reprogramm\u00e9 entre le Raja et le DHJ. Cela pour respecter l\u2019application le principe d\u2019\u00e9galit\u00e9 des chances et pour que tous les clubs soient trait\u00e9s sur le m\u00eame pied d\u2019\u00e9galit\u00e9.<\/p>\n<p>Sinon, rien ne peut \u00eatre <strong>juste<\/strong> pour siffler la fin d\u2019une saison avant terme\u2026<\/p>\n<p>Auteur: M&rsquo;hammed rahal<br \/>\n<a href=\"http:\/\/albayane.press.ma\/verdict-de-la-commission-federale-la-reprise-se-precise-mais.html\">Cliquez ici pour lire l&rsquo;article depuis sa source.<\/a><\/p>\n","protected":false},"excerpt":{"rendered":"<p>Rachid Lebchir Trois jours apr\u00e8s sa constitution lors de la r\u00e9union \u00e0 distance du Comit\u00e9 directeur de la F\u00e9d\u00e9ration royale marocaine de football, la commission f\u00e9d\u00e9rale charg\u00e9e d\u2019examiner la situation g\u00e9n\u00e9rale du football national et d\u2019\u00e9tudier les solutions r\u00e9alistes de la reprise de la Botola a rendu son verdict. La reprise de la Botola se [&hellip;]<\/p>\n","protected":false},"author":1760,"featured_media":0,"comment_status":"closed","ping_status":"closed","sticky":false,"template":"","format":"standard","meta":{"fifu_image_url":"","fifu_image_alt":"","footnotes":""},"categories":[73,54],"tags":[],"class_list":["post-85418","post","type-post","status-publish","format-standard","hentry","category-actualite","category-maroc"],"_links":{"self":[{"href":"https:\/\/linitiative.ca\/International\/wp-json\/wp\/v2\/posts\/85418","targetHints":{"allow":["GET"]}}],"collection":[{"href":"https:\/\/linitiative.ca\/International\/wp-json\/wp\/v2\/posts"}],"about":[{"href":"https:\/\/linitiative.ca\/International\/wp-json\/wp\/v2\/types\/post"}],"author":[{"embeddable":true,"href":"https:\/\/linitiative.ca\/International\/wp-json\/wp\/v2\/users\/1760"}],"replies":[{"embeddable":true,"href":"https:\/\/linitiative.ca\/International\/wp-json\/wp\/v2\/comments?post=85418"}],"version-history":[{"count":0,"href":"https:\/\/linitiative.ca\/International\/wp-json\/wp\/v2\/posts\/85418\/revisions"}],"wp:attachment":[{"href":"https:\/\/linitiative.ca\/International\/wp-json\/wp\/v2\/media?parent=85418"}],"wp:term":[{"taxonomy":"category","embeddable":true,"href":"https:\/\/linitiative.ca\/International\/wp-json\/wp\/v2\/categories?post=85418"},{"taxonomy":"post_tag","embeddable":true,"href":"https:\/\/linitiative.ca\/International\/wp-json\/wp\/v2\/tags?post=85418"}],"curies":[{"name":"wp","href":"https:\/\/api.w.org\/{rel}","templated":true}]}}