{"id":85424,"date":"2020-05-14T12:16:46","date_gmt":"2020-05-14T16:16:46","guid":{"rendered":"https:\/\/linitiative.ca\/International\/preoccupe-par-les-tiraillements-qalb-tounes-nest-pas-concerne-par-un-gouvernement-dunion-nationale\/"},"modified":"2020-05-14T12:16:46","modified_gmt":"2020-05-14T16:16:46","slug":"preoccupe-par-les-tiraillements-qalb-tounes-nest-pas-concerne-par-un-gouvernement-dunion-nationale","status":"publish","type":"post","link":"https:\/\/linitiative.ca\/International\/preoccupe-par-les-tiraillements-qalb-tounes-nest-pas-concerne-par-un-gouvernement-dunion-nationale\/","title":{"rendered":"Pr\u00e9occup\u00e9 par les tiraillements : Qalb Toun\u00e8s n\u2019est pas concern\u00e9 par un gouvernement d\u2019union nationale"},"content":{"rendered":"<p>Le parti Qalb Toun\u00e8s a d\u00e9clar\u00e9 \u00ab ne pas \u00eatre concern\u00e9 par la participation \u00e0 un pr\u00e9tendu gouvernement d\u2019union nationale et refuse de reproduire l\u2019exp\u00e9rience d\u2019\u00e9chec \u00ab , se disant tr\u00e8s pr\u00e9occup\u00e9 par les tiraillements, les contradictions, l\u2019\u00e9change d\u2019accusations et les conflits id\u00e9ologiques au sein de la coalition au pouvoir.<\/p>\n<p>\u00ab Cela montre qu\u2019il ne s\u2019agit guerre d\u2019un gouvernement d\u2019union nationale et que l\u2019actuel gouvernement n\u2019est pas homog\u00e8ne \u00bb, a-t-il estim\u00e9, par allusion \u00e0 ce qui est rapport\u00e9 sur l\u2019\u00e9largissement des composantes du gouvernement pour lui garantir un soutien politique.<\/p>\n<p>Dans une d\u00e9claration, mercredi, \u00e0 l\u2019issue d\u2019une r\u00e9union du bureau politique de Qalb Toun\u00e8s, le parti appelle le chef du gouvernement \u00e0 cr\u00e9er une harmonie entre les membres de son \u00e9quipe gouvernementale et instaurer des conditions de travail adapt\u00e9es aux besoins du pays, loin des conflits et des divisions.<\/p>\n<p>Le parti a, \u00e9galement, appel\u00e9 le pr\u00e9sident de la R\u00e9publique, en sa qualit\u00e9 de plus haute autorit\u00e9 dans le pays, \u00e0 assumer son r\u00f4le de rassembleur entre les diff\u00e9rents intervenants et garant du respect de la Constitution face au climat de tensions r\u00e9gnant sur la sc\u00e8ne politique, notamment des menaces de mort.<\/p>\n<p>Qalb Toun\u00e8s a, par ailleurs, appel\u00e9 le gouvernement \u00e0 adopter le principe de transparence et informer l\u2019opinion publique notamment sur le sort de l\u2019argent public, des dons et des pr\u00eats contract\u00e9s au nom de la lutte contre la propagation du Coronavirus. Le parti a, dans ce contexte, annonc\u00e9 la pr\u00e9sentation, dans les prochains jours, d\u2019un projet d\u2019un pacte national visant \u00e0 lutter contre la pauvret\u00e9 et venir en aide aux cat\u00e9gories sociales les plus d\u00e9munies.<\/p>\n<p>Concernant la question du \u00bb tourisme partisan et parlementaire \u00bb \u00e9voqu\u00e9e, r\u00e9cemment, dans le cadre de l\u2019amendement du r\u00e8glement int\u00e9rieur du parlement, le parti a qualifi\u00e9 ce ph\u00e9nom\u00e8ne de \u00bb supercherie et de rupture de promesse \u00ab , soulignant sa d\u00e9termination \u00e0 mettre un terme \u00e0 cette pratique \u00bb immorale qui d\u00e9shonore la vie politique \u00bb et menace le processus d\u00e9mocratique. Et d\u2019appeler \u00e0 l\u2019acc\u00e9l\u00e9ration de la mise en place de la Cour constitutionnelle, seul organe capable d\u2019\u00e9viter la confusion des interpr\u00e9tations juridiques et constitutionnelles.<\/p>\n<div class=\"wp-post-author-wrap wp-post-author-shortcode left\">\n<h3 class=\"awpa-title\"\/>\n<div class=\"wp-post-author\">\n<div class=\"awpa-img awpa-author-block square\"><a href=\"http:\/\/lexpertjournal.net\/fr\/?author=5\"><img loading=\"lazy\" decoding=\"async\" alt=\"\" src=\"http:\/\/0.gravatar.com\/avatar\/97f8e10a1c1125ba104a76514ee07b16?s=150&amp;d=mm&amp;r=g\" srcset=\"http:\/\/0.gravatar.com\/avatar\/97f8e10a1c1125ba104a76514ee07b16?s=300&amp;d=mm&amp;r=g 2x\" class=\"avatar avatar-150 photo\" height=\"150\" width=\"150\"\/><\/a><\/div>\n<\/div>\n<\/div>\n<aside class=\"mashsb-container mashsb-main mashsb-stretched\">\n<\/aside>\n<p>Auteur: L&rsquo;expert<br \/>\n<a href=\"http:\/\/lexpertjournal.net\/fr\/?p=14696\">Cliquez ici pour lire l&rsquo;article depuis sa source.<\/a><\/p>\n","protected":false},"excerpt":{"rendered":"<p>Le parti Qalb Toun\u00e8s a d\u00e9clar\u00e9 \u00ab ne pas \u00eatre concern\u00e9 par la participation \u00e0 un pr\u00e9tendu gouvernement d\u2019union nationale et refuse de reproduire l\u2019exp\u00e9rience d\u2019\u00e9chec \u00ab , se disant tr\u00e8s pr\u00e9occup\u00e9 par les tiraillements, les contradictions, l\u2019\u00e9change d\u2019accusations et les conflits id\u00e9ologiques au sein de la coalition au pouvoir. \u00ab Cela montre qu\u2019il ne [&hellip;]<\/p>\n","protected":false},"author":1775,"featured_media":0,"comment_status":"closed","ping_status":"closed","sticky":false,"template":"","format":"standard","meta":{"fifu_image_url":"","fifu_image_alt":"","footnotes":""},"categories":[78,55],"tags":[],"class_list":["post-85424","post","type-post","status-publish","format-standard","hentry","category-economie","category-tunisie"],"_links":{"self":[{"href":"https:\/\/linitiative.ca\/International\/wp-json\/wp\/v2\/posts\/85424","targetHints":{"allow":["GET"]}}],"collection":[{"href":"https:\/\/linitiative.ca\/International\/wp-json\/wp\/v2\/posts"}],"about":[{"href":"https:\/\/linitiative.ca\/International\/wp-json\/wp\/v2\/types\/post"}],"author":[{"embeddable":true,"href":"https:\/\/linitiative.ca\/International\/wp-json\/wp\/v2\/users\/1775"}],"replies":[{"embeddable":true,"href":"https:\/\/linitiative.ca\/International\/wp-json\/wp\/v2\/comments?post=85424"}],"version-history":[{"count":0,"href":"https:\/\/linitiative.ca\/International\/wp-json\/wp\/v2\/posts\/85424\/revisions"}],"wp:attachment":[{"href":"https:\/\/linitiative.ca\/International\/wp-json\/wp\/v2\/media?parent=85424"}],"wp:term":[{"taxonomy":"category","embeddable":true,"href":"https:\/\/linitiative.ca\/International\/wp-json\/wp\/v2\/categories?post=85424"},{"taxonomy":"post_tag","embeddable":true,"href":"https:\/\/linitiative.ca\/International\/wp-json\/wp\/v2\/tags?post=85424"}],"curies":[{"name":"wp","href":"https:\/\/api.w.org\/{rel}","templated":true}]}}