{"id":85427,"date":"2020-05-14T12:24:57","date_gmt":"2020-05-14T16:24:57","guid":{"rendered":"https:\/\/linitiative.ca\/International\/rapatriement-de-libye-arrivee-denviron-190-tunisiens-a-ras-jedir\/"},"modified":"2020-05-14T12:24:57","modified_gmt":"2020-05-14T16:24:57","slug":"rapatriement-de-libye-arrivee-denviron-190-tunisiens-a-ras-jedir","status":"publish","type":"post","link":"https:\/\/linitiative.ca\/International\/rapatriement-de-libye-arrivee-denviron-190-tunisiens-a-ras-jedir\/","title":{"rendered":"Rapatriement de Libye : Arriv\u00e9e d\u2019environ 190 Tunisiens \u00e0 Ras Jedir"},"content":{"rendered":"<p>obligatoire apr\u00e8s la finalisation des mesures s\u00e9curitaires et sanitaires n\u00e9cessaires.<\/p>\n<p>A noter que depuis le d\u00e9but de la crise sanitaire due \u00e0 la pand\u00e9mie du coronavirus, environ 4500 Tunisiens ont regagn\u00e9 le pays \u00e0 travers le passage frontalier de Ras Jedir. Pr\u00e8s de 300 personnes sont entr\u00e9es en Tunisie, la semaine derni\u00e8re. Des moyens logistiques et humains ont \u00e9t\u00e9 mobilis\u00e9s au passage frontalier de Ras Jedir pour assurer les mesures s\u00e9curitaires et sanitaires outre leur transport vers un h\u00f4tel de la r\u00e9gion afin d\u2019y passer leur quatorzaine obligatoire, a soulign\u00e9 le gouverneur de la r\u00e9gion.<\/p>\n<div class=\"wp-post-author-wrap wp-post-author-shortcode left\">\n<h3 class=\"awpa-title\"\/>\n<div class=\"wp-post-author\">\n<div class=\"awpa-img awpa-author-block square\"><a href=\"http:\/\/lexpertjournal.net\/fr\/?author=5\"><img loading=\"lazy\" decoding=\"async\" alt=\"\" src=\"http:\/\/0.gravatar.com\/avatar\/97f8e10a1c1125ba104a76514ee07b16?s=150&amp;d=mm&amp;r=g\" srcset=\"http:\/\/0.gravatar.com\/avatar\/97f8e10a1c1125ba104a76514ee07b16?s=300&amp;d=mm&amp;r=g 2x\" class=\"avatar avatar-150 photo\" height=\"150\" width=\"150\"\/><\/a><\/div>\n<\/div>\n<\/div>\n<aside class=\"mashsb-container mashsb-main mashsb-stretched\">\n<\/aside>\n<p>Auteur: L&rsquo;expert<br \/>\n<a href=\"http:\/\/lexpertjournal.net\/fr\/?p=14707\">Cliquez ici pour lire l&rsquo;article depuis sa source.<\/a><\/p>\n","protected":false},"excerpt":{"rendered":"<p>obligatoire apr\u00e8s la finalisation des mesures s\u00e9curitaires et sanitaires n\u00e9cessaires. A noter que depuis le d\u00e9but de la crise sanitaire due \u00e0 la pand\u00e9mie du coronavirus, environ 4500 Tunisiens ont regagn\u00e9 le pays \u00e0 travers le passage frontalier de Ras Jedir. Pr\u00e8s de 300 personnes sont entr\u00e9es en Tunisie, la semaine derni\u00e8re. Des moyens logistiques [&hellip;]<\/p>\n","protected":false},"author":1775,"featured_media":0,"comment_status":"closed","ping_status":"closed","sticky":false,"template":"","format":"standard","meta":{"fifu_image_url":"","fifu_image_alt":"","footnotes":""},"categories":[78,55],"tags":[],"class_list":["post-85427","post","type-post","status-publish","format-standard","hentry","category-economie","category-tunisie"],"_links":{"self":[{"href":"https:\/\/linitiative.ca\/International\/wp-json\/wp\/v2\/posts\/85427","targetHints":{"allow":["GET"]}}],"collection":[{"href":"https:\/\/linitiative.ca\/International\/wp-json\/wp\/v2\/posts"}],"about":[{"href":"https:\/\/linitiative.ca\/International\/wp-json\/wp\/v2\/types\/post"}],"author":[{"embeddable":true,"href":"https:\/\/linitiative.ca\/International\/wp-json\/wp\/v2\/users\/1775"}],"replies":[{"embeddable":true,"href":"https:\/\/linitiative.ca\/International\/wp-json\/wp\/v2\/comments?post=85427"}],"version-history":[{"count":0,"href":"https:\/\/linitiative.ca\/International\/wp-json\/wp\/v2\/posts\/85427\/revisions"}],"wp:attachment":[{"href":"https:\/\/linitiative.ca\/International\/wp-json\/wp\/v2\/media?parent=85427"}],"wp:term":[{"taxonomy":"category","embeddable":true,"href":"https:\/\/linitiative.ca\/International\/wp-json\/wp\/v2\/categories?post=85427"},{"taxonomy":"post_tag","embeddable":true,"href":"https:\/\/linitiative.ca\/International\/wp-json\/wp\/v2\/tags?post=85427"}],"curies":[{"name":"wp","href":"https:\/\/api.w.org\/{rel}","templated":true}]}}