{"id":85428,"date":"2020-05-14T12:26:57","date_gmt":"2020-05-14T16:26:57","guid":{"rendered":"https:\/\/linitiative.ca\/International\/avec-lamplification-du-phenomene-la-peche-anarchique-en-point-de-mire\/"},"modified":"2020-05-14T12:26:57","modified_gmt":"2020-05-14T16:26:57","slug":"avec-lamplification-du-phenomene-la-peche-anarchique-en-point-de-mire","status":"publish","type":"post","link":"https:\/\/linitiative.ca\/International\/avec-lamplification-du-phenomene-la-peche-anarchique-en-point-de-mire\/","title":{"rendered":"Avec l\u2019amplification du ph\u00e9nom\u00e8ne :  La p\u00eache anarchique en point de mire"},"content":{"rendered":"<p>L\u2019application ferme de la loi contre la pratique de la p\u00eache anarchique, l\u2019acc\u00e9l\u00e9ration de la r\u00e9vision des lois r\u00e9gissant la p\u00eache et la soumission de la version actualis\u00e9e \u00e0 l\u2019ARP et le renforcement des moyens humains et logistiques de la garde maritime, sont les principales r\u00e9solutions prises lors d\u2019une s\u00e9ance de travail tenue, mercredi, au minist\u00e8re de l\u2019agriculture, des ressources hydrauliques et de la p\u00eache et consacr\u00e9e \u00e0 la lutte contre la p\u00eache anarchique.<\/p>\n<p>Cette s\u00e9ance a \u00e9t\u00e9 pr\u00e9sid\u00e9e par le ministre de l\u2019agriculture, Oussama Kh\u00e9riji avec la participation de Moez Belhaj Rhouma, pr\u00e9sident de la commission parlementaire de l\u2019agriculture, de la s\u00e9curit\u00e9 alimentaire, du commerce et les services li\u00e9s, Abdelmajid Ezzar, pr\u00e9sident de l\u2019UTAP et des repr\u00e9sentants du secteur et des diff\u00e9rents minist\u00e8res concern\u00e9s. Un accord a \u00e9t\u00e9 trouv\u00e9 pour l\u2019activation des comit\u00e9s r\u00e9gionaux de lutte contre la p\u00eache anarchique et l\u2019\u00e9laboration d\u2019une strat\u00e9gie commune de d\u00e9veloppement du secteur en coordination avec la profession.<\/p>\n<p>Kh\u00e9riji a \u00e9voqu\u00e9 l\u2019ampleur prise par la pratique de la p\u00eache anarchique ces derniers temps, estimant que cette pratique s\u2019est \u00e9rig\u00e9e en syst\u00e8me mena\u00e7ant les richesses halieutiques.<\/p>\n<p>Le ministre a ainsi appel\u00e9 \u00e0 une application ferme de la loi contre tous les contrevenants sans exception, faisant savoir que le minist\u00e8re est ouvert \u00e0 toutes les propositions qui pourraient contribuer \u00e0 limiter ce ph\u00e9nom\u00e8ne.<\/p>\n<p>Pour sa part, Ezzar a plaid\u00e9 pour une action commune entre l\u2019autorit\u00e9 de tutelle et la profession pour lutter contre la p\u00eache anarchique, appelant \u00e0 renforcer les m\u00e9canismes d\u2019encadrement et d\u2019accompagnement d\u00e9di\u00e9e au secteur.<\/p>\n<p>Belhaj Rhouma a, de son c\u00f4t\u00e9, estim\u00e9 n\u00e9cessaires de r\u00e9viser les textes l\u00e9gislatifs r\u00e9gissant la profession pour contenir efficacement le fl\u00e9au de la p\u00eache anarchique.<\/p>\n<div class=\"wp-post-author-wrap wp-post-author-shortcode left\">\n<h3 class=\"awpa-title\"\/>\n<div class=\"wp-post-author\">\n<div class=\"awpa-img awpa-author-block square\"><a href=\"http:\/\/lexpertjournal.net\/fr\/?author=5\"><img loading=\"lazy\" decoding=\"async\" alt=\"\" src=\"http:\/\/0.gravatar.com\/avatar\/97f8e10a1c1125ba104a76514ee07b16?s=150&amp;d=mm&amp;r=g\" srcset=\"http:\/\/0.gravatar.com\/avatar\/97f8e10a1c1125ba104a76514ee07b16?s=300&amp;d=mm&amp;r=g 2x\" class=\"avatar avatar-150 photo\" height=\"150\" width=\"150\"\/><\/a><\/div>\n<\/div>\n<\/div>\n<aside class=\"mashsb-container mashsb-main mashsb-stretched\">\n<\/aside>\n<p>Auteur: L&rsquo;expert<br \/>\n<a href=\"http:\/\/lexpertjournal.net\/fr\/?p=14710\">Cliquez ici pour lire l&rsquo;article depuis sa source.<\/a><\/p>\n","protected":false},"excerpt":{"rendered":"<p>L\u2019application ferme de la loi contre la pratique de la p\u00eache anarchique, l\u2019acc\u00e9l\u00e9ration de la r\u00e9vision des lois r\u00e9gissant la p\u00eache et la soumission de la version actualis\u00e9e \u00e0 l\u2019ARP et le renforcement des moyens humains et logistiques de la garde maritime, sont les principales r\u00e9solutions prises lors d\u2019une s\u00e9ance de travail tenue, mercredi, au [&hellip;]<\/p>\n","protected":false},"author":1775,"featured_media":0,"comment_status":"closed","ping_status":"closed","sticky":false,"template":"","format":"standard","meta":{"fifu_image_url":"","fifu_image_alt":"","footnotes":""},"categories":[78,55],"tags":[],"class_list":["post-85428","post","type-post","status-publish","format-standard","hentry","category-economie","category-tunisie"],"_links":{"self":[{"href":"https:\/\/linitiative.ca\/International\/wp-json\/wp\/v2\/posts\/85428","targetHints":{"allow":["GET"]}}],"collection":[{"href":"https:\/\/linitiative.ca\/International\/wp-json\/wp\/v2\/posts"}],"about":[{"href":"https:\/\/linitiative.ca\/International\/wp-json\/wp\/v2\/types\/post"}],"author":[{"embeddable":true,"href":"https:\/\/linitiative.ca\/International\/wp-json\/wp\/v2\/users\/1775"}],"replies":[{"embeddable":true,"href":"https:\/\/linitiative.ca\/International\/wp-json\/wp\/v2\/comments?post=85428"}],"version-history":[{"count":0,"href":"https:\/\/linitiative.ca\/International\/wp-json\/wp\/v2\/posts\/85428\/revisions"}],"wp:attachment":[{"href":"https:\/\/linitiative.ca\/International\/wp-json\/wp\/v2\/media?parent=85428"}],"wp:term":[{"taxonomy":"category","embeddable":true,"href":"https:\/\/linitiative.ca\/International\/wp-json\/wp\/v2\/categories?post=85428"},{"taxonomy":"post_tag","embeddable":true,"href":"https:\/\/linitiative.ca\/International\/wp-json\/wp\/v2\/tags?post=85428"}],"curies":[{"name":"wp","href":"https:\/\/api.w.org\/{rel}","templated":true}]}}