{"id":85429,"date":"2020-05-14T13:03:36","date_gmt":"2020-05-14T17:03:36","guid":{"rendered":"https:\/\/linitiative.ca\/International\/les-jcc-2020-auront-lieu-sans-competition-officielle\/"},"modified":"2020-05-14T13:03:36","modified_gmt":"2020-05-14T17:03:36","slug":"les-jcc-2020-auront-lieu-sans-competition-officielle","status":"publish","type":"post","link":"https:\/\/linitiative.ca\/International\/les-jcc-2020-auront-lieu-sans-competition-officielle\/","title":{"rendered":"Les JCC 2020 auront lieu sans comp\u00e9tition officielle"},"content":{"rendered":"<p><span class=\"sp-nh-title\">Le Premier ministre re\u00e7oit un message de son homologue chinois<\/span> &#8211; <span class=\"sp-nh-date\">jeudi 14 mai 2020 17:48<\/span><\/p>\n<p><span class=\"sp-nh-title\">L\u2019Etat \u0153uvre pour am\u00e9liorer le r\u00e9seau de distribution du lait et de la lutte contre la sp\u00e9culation<\/span> &#8211; <span class=\"sp-nh-date\">jeudi 14 mai 2020 17:39<\/span><\/p>\n<p><span class=\"sp-nh-title\">Douanes: saisie de plus de 23 kg de kif trait\u00e9 \u00e0 Sidi Bel-Abb\u00e8s<\/span> &#8211; <span class=\"sp-nh-date\">jeudi 14 mai 2020 17:38<\/span><\/p>\n<p><span class=\"sp-nh-title\">Covid-19: le port de masque par les commer\u00e7ants obligatoire d\u00e8s dimanche<\/span> &#8211; <span class=\"sp-nh-date\">jeudi 14 mai 2020 17:20<\/span><\/p>\n<p><span class=\"sp-nh-title\">Raouya: la num\u00e9risation de l\u2019administration du Domaine de l\u2019Etat lanc\u00e9e<\/span> &#8211; <span class=\"sp-nh-date\">jeudi 14 mai 2020 17:14<\/span><\/p>\n<p><span class=\"sp-nh-title\">Lutte contre le Covid-19 : arriv\u00e9e \u00e0 Alger d&rsquo;une \u00e9quipe d&rsquo;experts m\u00e9dicaux chinois<\/span> &#8211; <span class=\"sp-nh-date\">jeudi 14 mai 2020 17:06<\/span><\/p>\n<p><span class=\"sp-nh-title\">Propos du Consul g\u00e9n\u00e9ral marocain \u00e0 Oran: le MAE convoque l\u2019ambassadeur du Maroc \u00e0 Alger<\/span> &#8211; <span class=\"sp-nh-date\">jeudi 14 mai 2020 16:40<\/span><\/p>\n<p><span class=\"sp-nh-title\">Covid19: 189 nouveaux cas, 100 gu\u00e9risons et 7 d\u00e9c\u00e8s en Alg\u00e9rie durant les derni\u00e8res 24h<\/span> &#8211; <span class=\"sp-nh-date\">jeudi 14 mai 2020 16:29<\/span><\/p>\n<p><span class=\"sp-nh-title\">72e anniversaire de la Nakba: tous les projets de liquidation sont bris\u00e9s par le peuple palestinien<\/span> &#8211; <span class=\"sp-nh-date\">jeudi 14 mai 2020 16:19<\/span><\/p>\n<p><span class=\"sp-nh-title\">Factures impay\u00e9es: pas de coupure d&rsquo;\u00e9lectricit\u00e9 durant la p\u00e9riode de confinement<\/span> &#8211; <span class=\"sp-nh-date\">jeudi 14 mai 2020 16:09<\/span><\/p>\n<p><span class=\"sp-nh-title\">R\u00e9alisation de bavettes: l\u2019innovation dans l\u2019artisanat de confection, un cr\u00e9neau \u00e0 prendre en consid\u00e9ration<\/span> &#8211; <span class=\"sp-nh-date\">jeudi 14 mai 2020 16:01<\/span><\/p>\n<p><span class=\"sp-nh-title\">P\u00e9trole: l&rsquo;Alg\u00e9rie r\u00e9duit sa production conform\u00e9ment \u00e0 l\u2019accord de l\u2019OPEP+<\/span> &#8211; <span class=\"sp-nh-date\">jeudi 14 mai 2020 15:49<\/span><\/p>\n<p><span class=\"sp-nh-title\">Electricit\u00e9-gaz: le subventionnement a co\u00fbt\u00e9 au Tr\u00e9sor public pr\u00e8s de 18 mds DA en 2019<\/span> &#8211; <span class=\"sp-nh-date\">jeudi 14 mai 2020 15:42<\/span><\/p>\n<p><span class=\"sp-nh-title\">L&rsquo;arm\u00e9e marocaine continue \u00e0 ouvrir le feu sur les b\u00e9douins sahraouis de l\u2019autre c\u00f4t\u00e9 du mur de honte<\/span> &#8211; <span class=\"sp-nh-date\">jeudi 14 mai 2020 15:40<\/span><\/p>\n<p><span class=\"sp-nh-title\">Finances: la Direction du Budget lance son site web<\/span> &#8211; <span class=\"sp-nh-date\">jeudi 14 mai 2020 15:36<\/span><\/p>\n<p><span class=\"sp-nh-title\">Le FCE salue les dispositions introduites dans l&rsquo;avant PLFC 2020<\/span> &#8211; <span class=\"sp-nh-date\">jeudi 14 mai 2020 15:26<\/span><\/p>\n<p><span class=\"sp-nh-title\">Le moudjahid Omar Boudaoud inhum\u00e9 au cimeti\u00e8re d&rsquo;El-Alia<\/span> &#8211; <span class=\"sp-nh-date\">jeudi 14 mai 2020 15:15<\/span><\/p>\n<p><span class=\"sp-nh-title\">Le Covid-19 a d\u00e9montr\u00e9 le g\u00e9nie de l\u2019Universit\u00e9 alg\u00e9rienne<\/span> &#8211; <span class=\"sp-nh-date\">jeudi 14 mai 2020 14:20<\/span><\/p>\n<p><span class=\"sp-nh-title\">Saisie de plus de trois quintaux de kif trait\u00e9 et de comprim\u00e9s psychotropes au sud<\/span> &#8211; <span class=\"sp-nh-date\">jeudi 14 mai 2020 13:05<\/span><\/p>\n<p><span class=\"sp-nh-title\">Anniversaire de la Nakba-catastrophe: 72 ans depuis le d\u00e9but du drame palestinien\u00a0<\/span> &#8211; <span class=\"sp-nh-date\">jeudi 14 mai 2020 12:48<\/span><\/p>\n<p>Auteur:<br \/>\n<a href=\"http:\/\/www.aps.dz\/culture\/105035-les-jcc-2020-auront-lieu-sans-competition-officielle\">Cliquez ici pour lire l&rsquo;article depuis sa source.<\/a><\/p>\n","protected":false},"excerpt":{"rendered":"<p>Le Premier ministre re\u00e7oit un message de son homologue chinois &#8211; jeudi 14 mai 2020 17:48 L\u2019Etat \u0153uvre pour am\u00e9liorer le r\u00e9seau de distribution du lait et de la lutte contre la sp\u00e9culation &#8211; jeudi 14 mai 2020 17:39 Douanes: saisie de plus de 23 kg de kif trait\u00e9 \u00e0 Sidi Bel-Abb\u00e8s &#8211; jeudi 14 [&hellip;]<\/p>\n","protected":false},"author":1790,"featured_media":0,"comment_status":"closed","ping_status":"closed","sticky":false,"template":"","format":"standard","meta":{"fifu_image_url":"","fifu_image_alt":"","footnotes":""},"categories":[53,79],"tags":[],"class_list":["post-85429","post","type-post","status-publish","format-standard","hentry","category-algerie","category-culture"],"_links":{"self":[{"href":"https:\/\/linitiative.ca\/International\/wp-json\/wp\/v2\/posts\/85429","targetHints":{"allow":["GET"]}}],"collection":[{"href":"https:\/\/linitiative.ca\/International\/wp-json\/wp\/v2\/posts"}],"about":[{"href":"https:\/\/linitiative.ca\/International\/wp-json\/wp\/v2\/types\/post"}],"author":[{"embeddable":true,"href":"https:\/\/linitiative.ca\/International\/wp-json\/wp\/v2\/users\/1790"}],"replies":[{"embeddable":true,"href":"https:\/\/linitiative.ca\/International\/wp-json\/wp\/v2\/comments?post=85429"}],"version-history":[{"count":0,"href":"https:\/\/linitiative.ca\/International\/wp-json\/wp\/v2\/posts\/85429\/revisions"}],"wp:attachment":[{"href":"https:\/\/linitiative.ca\/International\/wp-json\/wp\/v2\/media?parent=85429"}],"wp:term":[{"taxonomy":"category","embeddable":true,"href":"https:\/\/linitiative.ca\/International\/wp-json\/wp\/v2\/categories?post=85429"},{"taxonomy":"post_tag","embeddable":true,"href":"https:\/\/linitiative.ca\/International\/wp-json\/wp\/v2\/tags?post=85429"}],"curies":[{"name":"wp","href":"https:\/\/api.w.org\/{rel}","templated":true}]}}