{"id":85435,"date":"2020-05-14T10:51:15","date_gmt":"2020-05-14T14:51:15","guid":{"rendered":"https:\/\/linitiative.ca\/International\/covid-19-des-sessions-de-formation-au-profit-du-personnel-soignant\/"},"modified":"2020-05-14T10:51:15","modified_gmt":"2020-05-14T14:51:15","slug":"covid-19-des-sessions-de-formation-au-profit-du-personnel-soignant","status":"publish","type":"post","link":"https:\/\/linitiative.ca\/International\/covid-19-des-sessions-de-formation-au-profit-du-personnel-soignant\/","title":{"rendered":"Covid-19: Des sessions de formation au profit du personnel soignant"},"content":{"rendered":"<div readability=\"38\">\n<p>Safi \u2013 La D\u00e9l\u00e9gation provinciale de la sant\u00e9 \u00e0 Safi a organis\u00e9, durant deux semaines, \u00e0 l\u2019Institut Sup\u00e9rieur des Professions Infirmiers et Techniques de Sant\u00e9, des sessions de formation au profit des cadres m\u00e9dicaux et param\u00e9dicaux des h\u00f4pitaux et centres de sant\u00e9 de la province dans le cadre des mesures prises afin d\u2019enrayer la propagation du coronavirus (Covid-19).<\/p>\n<\/div>\n<div readability=\"74\">\n<p>Ces sessions de formation, qui sont \u00e0 leur troisi\u00e8me phase, ont cibl\u00e9 plus de 400 cadres m\u00e9dicaux et param\u00e9dicaux de la province de Safi, a indiqu\u00e9 \u00e0 la MAP, le d\u00e9l\u00e9gu\u00e9 provincial de la sant\u00e9, Dr. Abdelhakim Moustaid.<\/p>\n<p>Ces formations, qui accompagnent l\u2019\u00e9volution de la situation \u00e9pid\u00e9miologique, interviennent dans le cadre du Plan national de veille et de riposte au nouveau Coronavirus ainsi que du plan provincial de lutte contre cette pand\u00e9mie, a-t-il insist\u00e9.<\/p>\n<p>Ces sessions, qui rentrent aussi dans le cadre de la mise en oeuvre des nouvelles circulaires du minist\u00e8re de la sant\u00e9, viennent confirmer le r\u00f4le central de la formation continue pour le personnel soignant en tant que choix strat\u00e9gique pour enrayer la pand\u00e9mie et hisser la qualit\u00e9 des services, a ajout\u00e9 le responsable provincial.<\/p>\n<p>Elles sont ax\u00e9es notamment sur les questions du suivi m\u00e9dical des personnes contacts, le d\u00e9pistage et la prise en charge des patients ainsi que sur les mesures \u00e0 adopter pour garantir la continuit\u00e9 des soins au profit des autres cat\u00e9gories de patients, a-t-il expliqu\u00e9.<\/p>\n<p>Ces sessions, qui visaient \u00e9galement \u00e0 harmoniser les concepts, avaient d\u2019autres objectifs tels que l\u2019\u00e9tablissement de la communication entre les composantes du secteur de la sant\u00e9 au niveau provincial.<\/p>\n<p>Ces formations, qui ont connu une forte implication et adh\u00e9sion du personnel m\u00e9dical, ont b\u00e9n\u00e9fici\u00e9 \u00e0 tout le personnel m\u00e9dical de la province, a-t-il soutenu, rappelant qu\u2019elles se sont d\u00e9roul\u00e9es dans le respect total des mesures pr\u00e9ventives adopt\u00e9es par les autorit\u00e9s comp\u00e9tentes.<\/p>\n<\/div>\n<p>Auteur: Meriem IGASS<br \/>\n<a href=\"http:\/\/www.mapmarrakech.ma\/fr\/covid-19-des-sessions-de-formation-au-profit-du-personnel-soignant\/\">Cliquez ici pour lire l&rsquo;article depuis sa source.<\/a><\/p>\n","protected":false},"excerpt":{"rendered":"<p>Safi \u2013 La D\u00e9l\u00e9gation provinciale de la sant\u00e9 \u00e0 Safi a organis\u00e9, durant deux semaines, \u00e0 l\u2019Institut Sup\u00e9rieur des Professions Infirmiers et Techniques de Sant\u00e9, des sessions de formation au profit des cadres m\u00e9dicaux et param\u00e9dicaux des h\u00f4pitaux et centres de sant\u00e9 de la province dans le cadre des mesures prises afin d\u2019enrayer la propagation [&hellip;]<\/p>\n","protected":false},"author":1788,"featured_media":0,"comment_status":"closed","ping_status":"closed","sticky":false,"template":"","format":"standard","meta":{"fifu_image_url":"","fifu_image_alt":"","footnotes":""},"categories":[54,76],"tags":[],"class_list":["post-85435","post","type-post","status-publish","format-standard","hentry","category-maroc","category-regions"],"_links":{"self":[{"href":"https:\/\/linitiative.ca\/International\/wp-json\/wp\/v2\/posts\/85435","targetHints":{"allow":["GET"]}}],"collection":[{"href":"https:\/\/linitiative.ca\/International\/wp-json\/wp\/v2\/posts"}],"about":[{"href":"https:\/\/linitiative.ca\/International\/wp-json\/wp\/v2\/types\/post"}],"author":[{"embeddable":true,"href":"https:\/\/linitiative.ca\/International\/wp-json\/wp\/v2\/users\/1788"}],"replies":[{"embeddable":true,"href":"https:\/\/linitiative.ca\/International\/wp-json\/wp\/v2\/comments?post=85435"}],"version-history":[{"count":0,"href":"https:\/\/linitiative.ca\/International\/wp-json\/wp\/v2\/posts\/85435\/revisions"}],"wp:attachment":[{"href":"https:\/\/linitiative.ca\/International\/wp-json\/wp\/v2\/media?parent=85435"}],"wp:term":[{"taxonomy":"category","embeddable":true,"href":"https:\/\/linitiative.ca\/International\/wp-json\/wp\/v2\/categories?post=85435"},{"taxonomy":"post_tag","embeddable":true,"href":"https:\/\/linitiative.ca\/International\/wp-json\/wp\/v2\/tags?post=85435"}],"curies":[{"name":"wp","href":"https:\/\/api.w.org\/{rel}","templated":true}]}}