{"id":85436,"date":"2020-05-14T11:46:24","date_gmt":"2020-05-14T15:46:24","guid":{"rendered":"https:\/\/linitiative.ca\/International\/jemaa-el-fna-aspire-accueillir-tres-prochainement-ses-visiteurs\/"},"modified":"2020-05-14T11:46:24","modified_gmt":"2020-05-14T15:46:24","slug":"jemaa-el-fna-aspire-accueillir-tres-prochainement-ses-visiteurs","status":"publish","type":"post","link":"https:\/\/linitiative.ca\/International\/jemaa-el-fna-aspire-accueillir-tres-prochainement-ses-visiteurs\/","title":{"rendered":"Jem\u00e2a El Fna aspire accueillir tr\u00e8s prochainement ses visiteurs"},"content":{"rendered":"<p>En temps normal noir de monde, bruyante et bouillonnante en abritant, \u00e0 longueur de journ\u00e9e et jusqu\u2019\u00e0 une heure tardive le soir, une s\u00e9rie d\u2019activit\u00e9s et de spectacles, la place de Jem\u00e2a El Fna s\u2019est vid\u00e9e de ses visiteurs d\u00e8s l\u2019instauration de l\u2019\u00e9tat d\u2019urgence sanitaire, comme si la vie s\u2019est arr\u00eat\u00e9e brusquement dans ce site de notori\u00e9t\u00e9 universelle.<\/p>\n<p>Au coeur de la place comme au niveau de toutes les zones limitrophes en l\u2019occurrence, le jardin historique \u00ab\u00a0Arsat Al Bilk\u00a0\u00bb et les diff\u00e9rentes ruelles \u00e0 c\u00f4t\u00e9, le silence semble dominer l\u2019atmosph\u00e8re. Non loin, de l\u2019entr\u00e9e de la Place c\u2019est le minaret de la fameuse mosqu\u00e9e de \u00ab\u00a0la Koutoubia\u00a0\u00bb qui se dresse en t\u00e9moin d\u2019un pass\u00e9 non lointain o\u00f9, cet espace d\u2019ouverture et de convivialit\u00e9 vivait en harmonie et dans une effervescence inou\u00efe qui font toute sa singularit\u00e9 et son charme.<\/p>\n<p>Du jamais vu depuis l\u2019Ind\u00e9pendance du Royaume, date \u00e0 laquelle, diff\u00e9rentes activit\u00e9s artistiques, de tout genre, ont repris apr\u00e8s une courte parenth\u00e8se de fermeture et de suspension des spectacles sous le Protectorat.<\/p>\n<p>Les conteurs, les musiciens gnawis, ghiwanis, les acrobates agiles, les cracheurs de feu, les tatoueuses au henn\u00e9, les dresseurs de singes, charmeurs de serpents, et diseuses de bonne aventure, toutes ces m\u00e9moires vivantes, qui font la renomm\u00e9e de cette place ont du vider les lieux, les coeurs serr\u00e9s et les larmes aux yeux, pour se confiner, chez eux, en attendant des jours meilleurs.<\/p>\n<p>Les propri\u00e9taires et employ\u00e9s des restaurants \u00e0 ciel ouvert, des kiosques de jus de fruits et de fruits secs, les vendeurs d\u2019escargots et autres marchands ambulants, qui contribuent \u00e0 l\u2019animation de la place, se sont joints \u00e0 eux et ont mis les clefs sous la porte dans l\u2019espoir d\u2019un retour \u00e0 la normale dans les plus brefs d\u00e9lais.<\/p>\n<p>M\u00eame sc\u00e9nario chez les bazars et les autres commerces donnant directement sur la Place de Jem\u00e2a El Fna comme au niveau des diff\u00e9rentes ruelles marchandes de la M\u00e9dina qui ont choisi de se conformer aux directives d\u00e9cr\u00e9t\u00e9es dans le cadre de l\u2019\u00e9tat d\u2019urgence sanitaire, avec d\u00e9vouement et sens du devoir national, afin de permettre au Royaume de mieux g\u00e9rer cette crise et de s\u2019en sortir avec les moindres d\u00e9g\u00e2ts possibles.<\/p>\n<p>L\u2019une des places les plus c\u00e9l\u00e8bres au monde, inscrite comme patrimoine culturel immat\u00e9riel depuis 2008 et patrimoine mondial depuis 1985 par l\u2019UNESCO, Jema\u00e2 El Fna vit cette ann\u00e9e aux rythmes d\u2019un Ramadan pas comme les autres, o\u00f9 les Ftours (rupture de je\u00fbne) collectifs tous comme les pri\u00e8res sur\u00e9rogatoires sur l\u2019esplanade de la Koutoubia sont r\u00e9duits \u00e0 de \u00ab\u00a0tr\u00e8s beaux souvenirs\u00a0\u00bb.<\/p>\n<p>Une sc\u00e8ne \u00ab\u00a0inhabituelle\u00a0\u00bb et \u00ab\u00a0\u00e9trange\u00a0\u00bb d\u2019autant plus \u00ab\u00a0surprenante\u00a0\u00bb celle qui marque cette ann\u00e9e, ce lieu mythique et charg\u00e9 d\u2019histoire, une place si bouillonnante, avec une effervescence qui, d\u2019habitude, atteint son paroxysme durant le mois sacr\u00e9 du Ramadan.<\/p>\n<p>\u00ab\u00a0C\u2019est une sc\u00e8ne si d\u00e9solante et si triste que nous vivons cette ann\u00e9e \u00e0 cause de la propagation de la pand\u00e9mie du coronavirus\u00a0\u00bb, a d\u00e9plor\u00e9 le c\u00e9l\u00e8bre conteur de la Place \u00ab\u00a0Abderrahim Mekkouri, connu aupr\u00e8s du grand public sous le nom: \u00ab\u00a0Al Azaliya\u00a0\u00bb.<\/p>\n<p>\u00ab\u00a0Jamais de ma vie, la place n\u2019a v\u00e9cu une telle situation et de telles circonstances in\u00e9dites\u00a0\u00bb, poursuit cet artiste dans une d\u00e9claration \u00e0 la MAP, reconnaissant, au passage, que sa notori\u00e9t\u00e9 qui a franchi les fronti\u00e8res nationales a \u00e9t\u00e9 due en grande partie \u00e0 la c\u00e9l\u00e8bre Place historique de Jem\u00e2a El Fna.<\/p>\n<p>Dans la foul\u00e9e, \u00ab\u00a0Al Azaliya\u00a0\u00bb se rappelle, lorsque Jema\u00e2 Fna avait \u00e9t\u00e9 ferm\u00e9e devant les artistes pendant une ou deux jours, alors que la cit\u00e9 ocre abritait les n\u00e9gociations et la signature des accords de l\u2019Organisation Mondiale du Commerce (GATT) en 1994, notant que l\u2019arr\u00eat de la vie et des activit\u00e9s au coeur de cette mythique place n\u2019avait jamais dur\u00e9 si longtemps.<\/p>\n<p>Et de poursuivre que pendant les Ramadans, cette place devient un v\u00e9ritable lieu d\u2019attraction, de jour comme de nuit, soulignant que certains conteurs investissaient la place d\u00e8s les premi\u00e8res heures de la matin\u00e9e, alors que d\u2019autres se donnaient rendez-vous avec leur public vers 17 ou 18 heures, soit une heure ou deux avant la rupture du je\u00fbne.<\/p>\n<p>Chaque conteur et chaque artiste avait ses fid\u00e8les et ses aficionados qui ne rataient pour rien au monde son spectacle chaque nuit, car, a-t-il expliqu\u00e9, il ne faut pas omettre de vue que les artistes chevronn\u00e9s ma\u00eetrisent l\u2019art d\u2019attirer et de fid\u00e9liser le public en variant les spectacles et les contes d\u2019un jour \u00e0 l\u2019autre.<\/p>\n<p>Abberahim Mekkouri se souvient, avec beaucoup d\u2019\u00e9motions, de tout l\u2019effort qu\u2019il avait fourni et de la pers\u00e9v\u00e9rance dont il avait fait montre pour se faire une place dans les halqas aux c\u00f4t\u00e9s des d\u00e9funts artistes de la trempe de \u00ab\u00a0Bakchich\u00a0\u00bb, \u00ab\u00a0Mikhi\u00a0\u00bb, \u00ab\u00a0Moul bicyclette\u00a0\u00bb, \u00ab\u00a0Quel est joli\u00a0\u00bb, \u00ab\u00a0Saroukh\u00a0\u00bb, \u00ab\u00a0Moul Hmam\u00a0\u00bb, \u00ab\u00a0Abdelkader Boxeur\u00a0\u00bb, \u00ab\u00a0Moulay Ahmed Meddah\u00a0\u00bb et \u00ab\u00a0Docteur Hacharrate\u00a0\u00bb entre autres.<\/p>\n<p>A c\u00f4t\u00e9 de ces conteurs c\u00e9l\u00e8bres, les halqas des musiciens ghiwanis, des pan\u00e9gyristes et des chanteurs populaires attirent elles aussi un grand nombre de spectateurs venus assister \u00e0 des shows si singuliers qui riment avec la spiritualit\u00e9 du mois du Ramadan.<\/p>\n<p>Par ailleurs, l\u2019artiste Al Azaliya ne manque pas de relever qu\u2019en cette circonstance exceptionnelle que traverse le Maroc, certains conteurs de la Place ne sont pas rest\u00e9s les bras crois\u00e9s, en profitant amplement de cette crise sanitaire pour achever leurs projets artistiques et les diffuser \u00e0 une large \u00e9chelle sur les r\u00e9seaux sociaux.<\/p>\n<p>L\u2019objectif de ce projet pionnier qui consiste \u00e0 traduire des contes populaires en plusieurs langues \u00e9trang\u00e8res, est de tirer profit des avantages qu\u2019offrent les nouvelles technologies de communication notamment, en termes de rapprochement du grand public, de ce genre artistique tr\u00e8s populaire au Maroc, tout en permettant aux jeunes et aux moins jeunes, confin\u00e9s chez eux, de voir leurs spectacles pr\u00e9f\u00e9r\u00e9s.<\/p>\n<p>Ce projet contribuera aussi \u00e0 valoriser un genre artistique ancr\u00e9 dans l\u2019imaginaire des Marocains et pr\u00e9server ce patrimoine immat\u00e9riel \u00e0 valeur inestimable, s\u2019est-il r\u00e9joui.<\/p>\n<p>Lui embo\u00eetant\u00a0le pas, Mariam Amal, artiste ghiwanie a fait savoir que \u00ab\u00a0la place de Jema\u00e2 Fna lui manque \u00e9norm\u00e9ment\u00a0\u00bb, notant que son spectacle attirait, chaque nuit, durant le mois de\u00a0Ramadan des centaines d\u2019amateurs de ce genre musical authentique.<\/p>\n<p>\u00ab\u00a0Ce n\u2019est nullement chose ais\u00e9e de se s\u00e9parer d\u2019une muse avec laquelle, j\u2019ai des souvenirs qui remontent \u00e0 plus de 40 ans\u00a0\u00bb, ajoute-t-elle avec beaucoup d\u2019\u00e9motions.<\/p>\n<p>Dans une d\u00e9claration similaire, Mariam Amal, pr\u00e9sidente de l\u2019association des artistes de la Halqa, a relev\u00e9 que cette crise sanitaire a d\u00e9montr\u00e9 la n\u00e9cessit\u00e9 de la cr\u00e9ation d\u2019une fondation et la mise en place d\u2019un fonds d\u00e9di\u00e9 aux artistes qui contribuent \u00e0 animer cette l\u00e9gendaire place et \u00e0 pr\u00e9server un patrimoine immat\u00e9riel authentique qui fait la fiert\u00e9 de l\u2019ensemble des Marocains.<\/p>\n<p>Tout en s\u2019attardant sur la situation socio-\u00e9conomique de nombre d\u2019artistes de la Place, ceux qui vivent au jour le jour des recettes de leurs cr\u00e9ations artistiques, Mariam Amal, s\u2019est dite fi\u00e8re de voir des initiatives louables d\u2019entraide et de solidarit\u00e9 (remise de kits alimentaires) se multiplier \u00e0 l\u2019\u00e9gard de cette frange de la soci\u00e9t\u00e9 notamment, durant cette crise sanitaire que traverse le Royaume.<\/p>\n<p>Elle a tenu \u00e0 rappeler que cette cat\u00e9gorie d\u2019artistes populaires qui a subi de plein fouet des r\u00e9percussions socio-\u00e9conomiques lourdes de la crise induite par le Covid-19, a contribu\u00e9 durant des d\u00e9cennies au rayonnement de la place Jema\u00e2 El Fna et \u00e0 la pr\u00e9servation du patrimoine immat\u00e9riel du Maroc.<\/p>\n<p>Malgr\u00e9 cette conjoncture d\u00e9licate, la Place de Jem\u00e2a El Fna ne cesse, pourtant, de faire montre d\u2019un degr\u00e9 \u00e9lev\u00e9 de r\u00e9silience et de continuer \u00e0 vivre sur l\u2019espoir de pouvoir tourner cette page au plus vite, pour que le train de la vie reprenne son chemin et permettre aux amoureux de cet espace de joie et de convivialit\u00e9, d\u2019y embarquer \u00e0 pas s\u00fbrs.<\/p>\n<p>Haut lieu d\u2019attraction, site historique si embl\u00e9matique du tourisme au Maroc, et une adresse incontournable pour tous les Marocains sans nulle exception, la Place de Jem\u00e2a El Fna accueille annuellement plus de 2 millions de visiteurs, rappelle-t-on.<\/p>\n<p>Auteur: Meriem IGASS<br \/>\n<a href=\"http:\/\/www.mapmarrakech.ma\/fr\/jemaa-el-fna-aspire-accueillir-tres-prochainement-ses-visiteurs\/\">Cliquez ici pour lire l&rsquo;article depuis sa source.<\/a><\/p>\n","protected":false},"excerpt":{"rendered":"<p>En temps normal noir de monde, bruyante et bouillonnante en abritant, \u00e0 longueur de journ\u00e9e et jusqu\u2019\u00e0 une heure tardive le soir, une s\u00e9rie d\u2019activit\u00e9s et de spectacles, la place de Jem\u00e2a El Fna s\u2019est vid\u00e9e de ses visiteurs d\u00e8s l\u2019instauration de l\u2019\u00e9tat d\u2019urgence sanitaire, comme si la vie s\u2019est arr\u00eat\u00e9e brusquement dans ce site [&hellip;]<\/p>\n","protected":false},"author":1788,"featured_media":0,"comment_status":"closed","ping_status":"closed","sticky":false,"template":"","format":"standard","meta":{"fifu_image_url":"","fifu_image_alt":"","footnotes":""},"categories":[54,76],"tags":[],"class_list":["post-85436","post","type-post","status-publish","format-standard","hentry","category-maroc","category-regions"],"_links":{"self":[{"href":"https:\/\/linitiative.ca\/International\/wp-json\/wp\/v2\/posts\/85436","targetHints":{"allow":["GET"]}}],"collection":[{"href":"https:\/\/linitiative.ca\/International\/wp-json\/wp\/v2\/posts"}],"about":[{"href":"https:\/\/linitiative.ca\/International\/wp-json\/wp\/v2\/types\/post"}],"author":[{"embeddable":true,"href":"https:\/\/linitiative.ca\/International\/wp-json\/wp\/v2\/users\/1788"}],"replies":[{"embeddable":true,"href":"https:\/\/linitiative.ca\/International\/wp-json\/wp\/v2\/comments?post=85436"}],"version-history":[{"count":0,"href":"https:\/\/linitiative.ca\/International\/wp-json\/wp\/v2\/posts\/85436\/revisions"}],"wp:attachment":[{"href":"https:\/\/linitiative.ca\/International\/wp-json\/wp\/v2\/media?parent=85436"}],"wp:term":[{"taxonomy":"category","embeddable":true,"href":"https:\/\/linitiative.ca\/International\/wp-json\/wp\/v2\/categories?post=85436"},{"taxonomy":"post_tag","embeddable":true,"href":"https:\/\/linitiative.ca\/International\/wp-json\/wp\/v2\/tags?post=85436"}],"curies":[{"name":"wp","href":"https:\/\/api.w.org\/{rel}","templated":true}]}}