{"id":85444,"date":"2020-05-14T12:49:40","date_gmt":"2020-05-14T16:49:40","guid":{"rendered":"https:\/\/linitiative.ca\/International\/chiali-le-projet-de-tramway-de-batna-gele-mais-pas-annule\/"},"modified":"2020-05-14T12:49:40","modified_gmt":"2020-05-14T16:49:40","slug":"chiali-le-projet-de-tramway-de-batna-gele-mais-pas-annule","status":"publish","type":"post","link":"https:\/\/linitiative.ca\/International\/chiali-le-projet-de-tramway-de-batna-gele-mais-pas-annule\/","title":{"rendered":"Chiali: le projet de tramway de Batna gel\u00e9 mais pas annul\u00e9"},"content":{"rendered":"<div readability=\"36\">\n<p><strong>ALGER &#8211; Le projet de tramway de la wilaya de Batna a \u00e9t\u00e9 gel\u00e9 mais reprendra d\u00e8s que les finances du pays le permettront, a indiqu\u00e9 jeudi \u00e0 Alger le ministre des Travaux publics et des Transports, Farouk Chiali.<\/strong><\/p>\n<\/div>\n<div readability=\"105.72139652271\">\n<p>A l&rsquo;occasion d&rsquo;une s\u00e9ance de questions orales de l&rsquo;Assembl\u00e9e populaire nationale (APN), le ministre a fait savoir que le projet de tramway de la ville de Batna a \u00e9t\u00e9 gel\u00e9 et non pas annul\u00e9, \u00e0 l&rsquo;instar d&rsquo;autres projets de structuration \u00e0 travers le pays, assurant que la r\u00e9activation de ce projet sera effective d\u00e8s que les finances du pays le permettront.<\/p>\n<p>R\u00e9pondant \u00e0 une question de la d\u00e9put\u00e9e en remplacement de Belgacem Berkat (RND), concernant la r\u00e9alisation d&rsquo;une ligne de tramway de 15,5 km au niveau de la wilaya de Batna, M. Chiali a indiqu\u00e9 que cette ligne comprend 25 stations et a une capacit\u00e9 de 90.000 voyageurs quotidiens. Ceci pour un co\u00fbt de 32,71 milliards da.<\/p>\n<p>De plus, il a rappel\u00e9 que l\u2019appel d\u2019offre pour ce projet a \u00e9t\u00e9 lanc\u00e9 en 2014, \u00ab\u00a0mais au vu du contexte financier du pays, il a \u00e9t\u00e9 gel\u00e9 en 2015 et non pas annul\u00e9\u00a0\u00bb.<\/p>\n<blockquote readability=\"11\">\n<p><em><strong>Par ailleurs, interrog\u00e9 par la d\u00e9put\u00e9e Badra Ferkhi (ind\u00e9pendants), \u00e0 propos du rythme d&rsquo;avancement des travaux de la route nationale reliant Djendjen (wilaya de Jijel) et El-Eulma dans le cadre du raccordement du port de Jijel \u00e0 l&rsquo;autoroute Est-Ouest, le ministre a fait savoir que le taux d&rsquo;avancement du projet de raccordement est de 42%.<\/strong><\/em><\/p>\n<\/blockquote>\n<p>Il a \u00e9galement expliqu\u00e9 que le rythme des travaux n&rsquo;est pas \u00e0 la hauteur des exigences notamment \u00e0 cause de facteurs naturels, techniques et organisationnels ayant influ\u00e9 sur l&rsquo;avancement des travaux.<\/p>\n<p>Parmi ces facteurs, il a cit\u00e9 la difficult\u00e9 du relief, sachant que 60 km de ce projet se situent sur des zones montagneuses susceptibles de faire face \u00e0 des glissements de terrain.<\/p>\n<p>M. Chiali a \u00e9galement not\u00e9 les difficult\u00e9s enregistr\u00e9es face aux propri\u00e9taires terriens dans le cadre des op\u00e9rations d&rsquo;expropriation, indiquant que 26 cas d&rsquo;expropriation n\u2019ont toujours pas \u00e9t\u00e9 r\u00e9gl\u00e9s.<\/p>\n<hr\/>\n<h3>Lire aussi:\u00a0<a href=\"http:\/\/www.aps.dz\/economie\/99662-assemblage-des-tramways-cital-s-oriente-vers-l-exportation\" target=\"_blank\" rel=\"noopener noreferrer\">Assemblage des Tramways: CITAL s&rsquo;oriente vers l&rsquo;exportation<\/a><\/h3>\n<hr\/>\n<p>Pour rappel, le projet de raccordement du port de Jijel \u00e0 l\u2019autoroute Est-ouest s&rsquo;\u00e9tale sur un lin\u00e9aire de 110 km traversant les wilayas de Jijel, Mila et S\u00e9tif.<\/p>\n<p>D&rsquo;autre part, le ministre a \u00e9voqu\u00e9 la situation de l&rsquo;exploitation des ports de la wilaya de Jijel.<\/p>\n<p>Interrog\u00e9 par la d\u00e9put\u00e9e Imene Arada (RND), \u00e0 ce sujet, M. Chiali a fait savoir qu&rsquo;il a \u00e9t\u00e9 r\u00e9alis\u00e9 en 2014 une structure de protection du port de Ziama mansouriah contre les mouvements de vague. Ceci sur une longueur de 328 m afin de baisser le niveau de vague au niveau du port.<\/p>\n<p>Concernant le port de p\u00eache et de plaisance d&rsquo;El Aouana, est entr\u00e9 en service concernant l&rsquo;activit\u00e9 de plaisance uniquement. Il poss\u00e8de actuellement 88 embarcations de plaisance.<\/p>\n<blockquote readability=\"10\">\n<p><em><strong>Concernant l&rsquo;activit\u00e9 de p\u00eache, celle-ci est \u00e0 l&rsquo;arr\u00eat jusqu&rsquo;\u00e0 l&rsquo;ach\u00e8vement des travaux de r\u00e9alisation des diff\u00e9rentes installations du port, a indiqu\u00e9 M. Chiali. Dans ce cadre l&rsquo;entreprise de gestion des ports et abris de p\u00eache a annonc\u00e9 le lancement d&rsquo;une \u00e9tude pour l&rsquo;am\u00e9nagement de ce port pour accueillir \u00e9galement l&rsquo;activit\u00e9 de p\u00eache.<\/strong><\/em><\/p>\n<\/blockquote>\n<p>Enfin, concernant le port de Oued Z&rsquo;hor, le ministre a fait savoir qu&rsquo;un travail a \u00e9t\u00e9 fait par les autorit\u00e9s locales pour permettre une gestion int\u00e9gr\u00e9e de ce port entre les deux wilayas de Jijel et de Skikda.<\/p>\n<p>Selon lui, dans cette optique, plusieurs mesures ont \u00e9t\u00e9 prises en coordination avec les directions de la p\u00eache des deux wilayas voisines pour r\u00e9server des espaces d&rsquo;exploitation au niveau du port au profit des investisseurs du domaine de l&rsquo;aquaculture et de la p\u00eache. Ceci dans le respect de l&rsquo;\u00e9quilibre entre les deux wilayas en mati\u00e8re d&#8217;emplois.<\/p>\n<\/div>\n<p>Auteur:<br \/>\n<a href=\"http:\/\/www.aps.dz\/regions\/105068-chiali-le-projet-de-tramway-de-batna-gele-mais-pas-annule\">Cliquez ici pour lire l&rsquo;article depuis sa source.<\/a><\/p>\n","protected":false},"excerpt":{"rendered":"<p>ALGER &#8211; Le projet de tramway de la wilaya de Batna a \u00e9t\u00e9 gel\u00e9 mais reprendra d\u00e8s que les finances du pays le permettront, a indiqu\u00e9 jeudi \u00e0 Alger le ministre des Travaux publics et des Transports, Farouk Chiali. A l&rsquo;occasion d&rsquo;une s\u00e9ance de questions orales de l&rsquo;Assembl\u00e9e populaire nationale (APN), le ministre a fait [&hellip;]<\/p>\n","protected":false},"author":1790,"featured_media":0,"comment_status":"closed","ping_status":"closed","sticky":false,"template":"","format":"standard","meta":{"fifu_image_url":"","fifu_image_alt":"","footnotes":""},"categories":[53,76],"tags":[],"class_list":["post-85444","post","type-post","status-publish","format-standard","hentry","category-algerie","category-regions"],"_links":{"self":[{"href":"https:\/\/linitiative.ca\/International\/wp-json\/wp\/v2\/posts\/85444","targetHints":{"allow":["GET"]}}],"collection":[{"href":"https:\/\/linitiative.ca\/International\/wp-json\/wp\/v2\/posts"}],"about":[{"href":"https:\/\/linitiative.ca\/International\/wp-json\/wp\/v2\/types\/post"}],"author":[{"embeddable":true,"href":"https:\/\/linitiative.ca\/International\/wp-json\/wp\/v2\/users\/1790"}],"replies":[{"embeddable":true,"href":"https:\/\/linitiative.ca\/International\/wp-json\/wp\/v2\/comments?post=85444"}],"version-history":[{"count":0,"href":"https:\/\/linitiative.ca\/International\/wp-json\/wp\/v2\/posts\/85444\/revisions"}],"wp:attachment":[{"href":"https:\/\/linitiative.ca\/International\/wp-json\/wp\/v2\/media?parent=85444"}],"wp:term":[{"taxonomy":"category","embeddable":true,"href":"https:\/\/linitiative.ca\/International\/wp-json\/wp\/v2\/categories?post=85444"},{"taxonomy":"post_tag","embeddable":true,"href":"https:\/\/linitiative.ca\/International\/wp-json\/wp\/v2\/tags?post=85444"}],"curies":[{"name":"wp","href":"https:\/\/api.w.org\/{rel}","templated":true}]}}