{"id":85455,"date":"2020-05-14T14:19:10","date_gmt":"2020-05-14T18:19:10","guid":{"rendered":"https:\/\/linitiative.ca\/International\/la-fondation-al-mada-aide-les-menages-les-plus-vulnerables\/"},"modified":"2020-05-14T14:19:10","modified_gmt":"2020-05-14T18:19:10","slug":"la-fondation-al-mada-aide-les-menages-les-plus-vulnerables","status":"publish","type":"post","link":"https:\/\/linitiative.ca\/International\/la-fondation-al-mada-aide-les-menages-les-plus-vulnerables\/","title":{"rendered":"La Fondation Al Mada aide les m\u00e9nages les plus vuln\u00e9rables"},"content":{"rendered":"<div class=\"body\">\n<div class=\"field field-name-body field-type-text-with-summary field-label-hidden\">\n<div class=\"field-items\" readability=\"9\">\n<div class=\"field-item even\" property=\"content:encoded\" readability=\"13\">\n<p class=\"rtejustify\">La Fondation Al Mada lance la seconde phase de son op\u00e9ration solidarit\u00e9 Covid-19. Apr\u00e8s avoir fait b\u00e9n\u00e9ficier le personnel soignant des patients atteints du coronavirus d\u2019un million de masques FFP2, elle annonce un don alimentaire au b\u00e9n\u00e9fice des familles les plus vuln\u00e9rables. Il s\u2019agit de pas moins de 1.778 tonnes de denr\u00e9es alimentaires et d\u2019hygi\u00e8ne, pour une valeur d\u00e9passant les 22 millions de DH, qui seront distribu\u00e9es \u00e0 50.000 m\u00e9nages repr\u00e9sentant pr\u00e8s de 250.000 personnes. Les paniers seront remis aux autorit\u00e9s locales de chaque r\u00e9gion qui devront en assurer la distribution aux familles b\u00e9n\u00e9ficiaires. Cette op\u00e9ration a pu \u00eatre r\u00e9alis\u00e9e gr\u00e2ce au soutien logistique du groupe Marjane.<br \/><em>M.A.B.<\/em><\/p>\n<\/div>\n<\/div>\n<\/div>\n<\/div>\n<div class=\"eco-conseil\">\n<div class=\"view view-eco-conseil-16 view-id-eco_conseil_16 view-display-id-cookies view-dom-id-2cd3ff2857dac6ada5505c4ba02d928e\">\n<div class=\"view-content\">\n<div id=\"views-bootstrap-grid-1\" class=\"views-bootstrap-grid-plugin-style\">\n<div class=\"row\">\n<div class=\" col-xs-12 col-lg-4\">\n<div class=\"row\">\n<div class=\"col col-xs-12 col-lg-12\">\n<div class=\"field-content\"><a href=\"\/article\/1061957-un-laboratoire-pour-l-accompagnement-des-cooperatives\"><img loading=\"lazy\" decoding=\"async\" class=\"img-responsive\" typeof=\"foaf:Image\" src=\"https:\/\/www.leconomiste.com\/sites\/default\/files\/eco7\/public\/styles\/800x400\/public\/default_images\/default_une.jpg?itok=4jZlgnIZ\" width=\"660\" height=\"330\" alt=\"\"\/><\/a><\/div>\n<\/div>\n<div class=\" title_suite_2 col col-xs-12 col-lg-12\"> <a href=\"\/article\/1061957-un-laboratoire-pour-l-accompagnement-des-cooperatives\"\/><span class=\"field-content\">Article 1061957<\/span><\/div>\n<\/div>\n<\/div>\n<div class=\" col-xs-12 col-lg-4\">\n<div class=\"row\">\n<div class=\"col col-xs-12 col-lg-12\">\n<div class=\"field-content\"><a href=\"\/article\/1061956-kia-prete-pour-l-apres-confinement\"><img loading=\"lazy\" decoding=\"async\" class=\"img-responsive\" typeof=\"foaf:Image\" src=\"https:\/\/www.leconomiste.com\/sites\/default\/files\/eco7\/public\/styles\/800x400\/public\/default_images\/default_une.jpg?itok=4jZlgnIZ\" width=\"660\" height=\"330\" alt=\"\"\/><\/a><\/div>\n<\/div>\n<div class=\" title_suite_2 col col-xs-12 col-lg-12\"> <a href=\"\/article\/1061956-kia-prete-pour-l-apres-confinement\"\/><span class=\"field-content\">Kia pr\u00eate pour l\u2019apr\u00e8s confinement <\/span><\/div>\n<\/div>\n<\/div>\n<div class=\" col-xs-12 col-lg-4\">\n<div class=\"row\">\n<div class=\"col col-xs-12 col-lg-12\">\n<div class=\"field-content\"><a href=\"\/article\/1061955-kia-deja-operationnelle-rabat\"><img loading=\"lazy\" decoding=\"async\" class=\"img-responsive\" typeof=\"foaf:Image\" src=\"https:\/\/www.leconomiste.com\/sites\/default\/files\/eco7\/public\/styles\/800x400\/public\/default_images\/default_une.jpg?itok=4jZlgnIZ\" width=\"660\" height=\"330\" alt=\"\"\/><\/a><\/div>\n<\/div>\n<div class=\" title_suite_2 col col-xs-12 col-lg-12\"> <a href=\"\/article\/1061955-kia-deja-operationnelle-rabat\"\/><span class=\"field-content\">Kia d\u00e9j\u00e0 op\u00e9rationnelle \u00e0 Rabat <\/span><\/div>\n<\/div>\n<\/div>\n<\/div>\n<\/div>\n<\/div>\n<\/div>\n<\/div>\n<p>Auteur: hlafriqi<br \/>\n<a href=\"https:\/\/www.leconomiste.com\/article\/1061954-la-fondation-al-mada-aide-les-menages-les-plus-vulnerables\">Cliquez ici pour lire l&rsquo;article depuis sa source.<\/a><\/p>\n","protected":false},"excerpt":{"rendered":"<p>La Fondation Al Mada lance la seconde phase de son op\u00e9ration solidarit\u00e9 Covid-19. Apr\u00e8s avoir fait b\u00e9n\u00e9ficier le personnel soignant des patients atteints du coronavirus d\u2019un million de masques FFP2, elle annonce un don alimentaire au b\u00e9n\u00e9fice des familles les plus vuln\u00e9rables. Il s\u2019agit de pas moins de 1.778 tonnes de denr\u00e9es alimentaires et d\u2019hygi\u00e8ne, [&hellip;]<\/p>\n","protected":false},"author":1763,"featured_media":0,"comment_status":"closed","ping_status":"closed","sticky":false,"template":"","format":"standard","meta":{"fifu_image_url":"","fifu_image_alt":"","footnotes":""},"categories":[78,54],"tags":[],"class_list":["post-85455","post","type-post","status-publish","format-standard","hentry","category-economie","category-maroc"],"_links":{"self":[{"href":"https:\/\/linitiative.ca\/International\/wp-json\/wp\/v2\/posts\/85455","targetHints":{"allow":["GET"]}}],"collection":[{"href":"https:\/\/linitiative.ca\/International\/wp-json\/wp\/v2\/posts"}],"about":[{"href":"https:\/\/linitiative.ca\/International\/wp-json\/wp\/v2\/types\/post"}],"author":[{"embeddable":true,"href":"https:\/\/linitiative.ca\/International\/wp-json\/wp\/v2\/users\/1763"}],"replies":[{"embeddable":true,"href":"https:\/\/linitiative.ca\/International\/wp-json\/wp\/v2\/comments?post=85455"}],"version-history":[{"count":0,"href":"https:\/\/linitiative.ca\/International\/wp-json\/wp\/v2\/posts\/85455\/revisions"}],"wp:attachment":[{"href":"https:\/\/linitiative.ca\/International\/wp-json\/wp\/v2\/media?parent=85455"}],"wp:term":[{"taxonomy":"category","embeddable":true,"href":"https:\/\/linitiative.ca\/International\/wp-json\/wp\/v2\/categories?post=85455"},{"taxonomy":"post_tag","embeddable":true,"href":"https:\/\/linitiative.ca\/International\/wp-json\/wp\/v2\/tags?post=85455"}],"curies":[{"name":"wp","href":"https:\/\/api.w.org\/{rel}","templated":true}]}}