{"id":85456,"date":"2020-05-14T14:20:22","date_gmt":"2020-05-14T18:20:22","guid":{"rendered":"https:\/\/linitiative.ca\/International\/kia-deja-operationnelle-a-rabat\/"},"modified":"2020-05-14T14:20:22","modified_gmt":"2020-05-14T18:20:22","slug":"kia-deja-operationnelle-a-rabat","status":"publish","type":"post","link":"https:\/\/linitiative.ca\/International\/kia-deja-operationnelle-a-rabat\/","title":{"rendered":"Kia d\u00e9j\u00e0 op\u00e9rationnelle  \u00e0 Rabat"},"content":{"rendered":"<div class=\"body\">\n<div class=\"field field-name-body field-type-text-with-summary field-label-hidden\">\n<div class=\"field-items\" readability=\"9.5\">\n<div class=\"field-item even\" property=\"content:encoded\" readability=\"14\">\n<p class=\"rtejustify\">Kia fait son grand retour \u00e0 Rabat. La marque automobile vient d\u2019y inaugurer son nouveau flagship au Maroc situ\u00e9 \u00e0 l\u2019entr\u00e9e de la ville sur le boulevard Hassan II et s\u2019\u00e9tendant sur une surface de 2.000 m\u00b2. Le nouveau showroom qui r\u00e9pond aux derni\u00e8res normes et standards du constructeur propose tous les services de v\u00e9hicule neufs, d\u2019occasions, pi\u00e8ces de rechange et service apr\u00e8s-vente. Il a \u00e9t\u00e9 con\u00e7u par le cabinet d\u2019architectes In-Archi-Nov et a n\u00e9cessit\u00e9 six mois de travaux men\u00e9s par l\u2019entreprise de second ouvrage C Com Cube. L\u2019ouverture \u00e0 Rabat s\u2019est accompagn\u00e9e par la cr\u00e9ation de 25 emplois. Pour des raisons \u00e9videntes li\u00e9es \u00e0 la crise du Covid-19, la pr\u00e9sentation de cette nouvelle repr\u00e9sentation de Kia au Maroc a \u00e9t\u00e9 faite par visio conf\u00e9rence, une premi\u00e8re dans le secteur.<br \/><em>\u00a0M.A.B.<\/em><\/p>\n<\/div>\n<\/div>\n<\/div>\n<\/div>\n<div class=\"eco-conseil\">\n<div class=\"view view-eco-conseil-16 view-id-eco_conseil_16 view-display-id-cookies view-dom-id-ea4e27f3a5bef6b78b5162b058c3ebac\">\n<div class=\"view-content\">\n<div id=\"views-bootstrap-grid-1\" class=\"views-bootstrap-grid-plugin-style\">\n<div class=\"row\">\n<div class=\" col-xs-12 col-lg-4\">\n<div class=\"row\">\n<div class=\"col col-xs-12 col-lg-12\">\n<div class=\"field-content\"><a href=\"\/article\/1061957-un-laboratoire-pour-l-accompagnement-des-cooperatives\"><img loading=\"lazy\" decoding=\"async\" class=\"img-responsive\" typeof=\"foaf:Image\" src=\"https:\/\/www.leconomiste.com\/sites\/default\/files\/eco7\/public\/styles\/800x400\/public\/default_images\/default_une.jpg?itok=4jZlgnIZ\" width=\"660\" height=\"330\" alt=\"\"\/><\/a><\/div>\n<\/div>\n<div class=\" title_suite_2 col col-xs-12 col-lg-12\"> <a href=\"\/article\/1061957-un-laboratoire-pour-l-accompagnement-des-cooperatives\"\/><span class=\"field-content\">Article 1061957<\/span><\/div>\n<\/div>\n<\/div>\n<div class=\" col-xs-12 col-lg-4\">\n<div class=\"row\">\n<div class=\"col col-xs-12 col-lg-12\">\n<div class=\"field-content\"><a href=\"\/article\/1061956-kia-prete-pour-l-apres-confinement\"><img loading=\"lazy\" decoding=\"async\" class=\"img-responsive\" typeof=\"foaf:Image\" src=\"https:\/\/www.leconomiste.com\/sites\/default\/files\/eco7\/public\/styles\/800x400\/public\/default_images\/default_une.jpg?itok=4jZlgnIZ\" width=\"660\" height=\"330\" alt=\"\"\/><\/a><\/div>\n<\/div>\n<div class=\" title_suite_2 col col-xs-12 col-lg-12\"> <a href=\"\/article\/1061956-kia-prete-pour-l-apres-confinement\"\/><span class=\"field-content\">Kia pr\u00eate pour l\u2019apr\u00e8s confinement <\/span><\/div>\n<\/div>\n<\/div>\n<div class=\" col-xs-12 col-lg-4\">\n<div class=\"row\">\n<div class=\"col col-xs-12 col-lg-12\">\n<div class=\"field-content\"><a href=\"\/article\/1061954-la-fondation-al-mada-aide-les-menages-les-plus-vulnerables\"><img loading=\"lazy\" decoding=\"async\" class=\"img-responsive\" typeof=\"foaf:Image\" src=\"https:\/\/www.leconomiste.com\/sites\/default\/files\/eco7\/public\/styles\/800x400\/public\/default_images\/default_une.jpg?itok=4jZlgnIZ\" width=\"660\" height=\"330\" alt=\"\"\/><\/a><\/div>\n<\/div>\n<div class=\" title_suite_2 col col-xs-12 col-lg-12\"> <a href=\"\/article\/1061954-la-fondation-al-mada-aide-les-menages-les-plus-vulnerables\"\/><span class=\"field-content\">La Fondation Al Mada aide les m\u00e9nages les plus vuln\u00e9rables <\/span><\/div>\n<\/div>\n<\/div>\n<\/div>\n<\/div>\n<\/div>\n<\/div>\n<\/div>\n<p>Auteur: hlafriqi<br \/>\n<a href=\"https:\/\/www.leconomiste.com\/article\/1061955-kia-deja-operationnelle-rabat\">Cliquez ici pour lire l&rsquo;article depuis sa source.<\/a><\/p>\n","protected":false},"excerpt":{"rendered":"<p>Kia fait son grand retour \u00e0 Rabat. La marque automobile vient d\u2019y inaugurer son nouveau flagship au Maroc situ\u00e9 \u00e0 l\u2019entr\u00e9e de la ville sur le boulevard Hassan II et s\u2019\u00e9tendant sur une surface de 2.000 m\u00b2. Le nouveau showroom qui r\u00e9pond aux derni\u00e8res normes et standards du constructeur propose tous les services de v\u00e9hicule [&hellip;]<\/p>\n","protected":false},"author":1763,"featured_media":0,"comment_status":"closed","ping_status":"closed","sticky":false,"template":"","format":"standard","meta":{"fifu_image_url":"","fifu_image_alt":"","footnotes":""},"categories":[78,54],"tags":[],"class_list":["post-85456","post","type-post","status-publish","format-standard","hentry","category-economie","category-maroc"],"_links":{"self":[{"href":"https:\/\/linitiative.ca\/International\/wp-json\/wp\/v2\/posts\/85456","targetHints":{"allow":["GET"]}}],"collection":[{"href":"https:\/\/linitiative.ca\/International\/wp-json\/wp\/v2\/posts"}],"about":[{"href":"https:\/\/linitiative.ca\/International\/wp-json\/wp\/v2\/types\/post"}],"author":[{"embeddable":true,"href":"https:\/\/linitiative.ca\/International\/wp-json\/wp\/v2\/users\/1763"}],"replies":[{"embeddable":true,"href":"https:\/\/linitiative.ca\/International\/wp-json\/wp\/v2\/comments?post=85456"}],"version-history":[{"count":0,"href":"https:\/\/linitiative.ca\/International\/wp-json\/wp\/v2\/posts\/85456\/revisions"}],"wp:attachment":[{"href":"https:\/\/linitiative.ca\/International\/wp-json\/wp\/v2\/media?parent=85456"}],"wp:term":[{"taxonomy":"category","embeddable":true,"href":"https:\/\/linitiative.ca\/International\/wp-json\/wp\/v2\/categories?post=85456"},{"taxonomy":"post_tag","embeddable":true,"href":"https:\/\/linitiative.ca\/International\/wp-json\/wp\/v2\/tags?post=85456"}],"curies":[{"name":"wp","href":"https:\/\/api.w.org\/{rel}","templated":true}]}}