{"id":85457,"date":"2020-05-14T14:21:24","date_gmt":"2020-05-14T18:21:24","guid":{"rendered":"https:\/\/linitiative.ca\/International\/kia-prete-pour-lapres-confinement\/"},"modified":"2020-05-14T14:21:24","modified_gmt":"2020-05-14T18:21:24","slug":"kia-prete-pour-lapres-confinement","status":"publish","type":"post","link":"https:\/\/linitiative.ca\/International\/kia-prete-pour-lapres-confinement\/","title":{"rendered":"Kia pr\u00eate pour l\u2019apr\u00e8s confinement"},"content":{"rendered":"<div class=\"body\">\n<div class=\"field field-name-body field-type-text-with-summary field-label-hidden\">\n<div class=\"field-items\" readability=\"10\">\n<div class=\"field-item even\" property=\"content:encoded\" readability=\"15\">\n<p class=\"rtejustify\">Si comme toutes les marques automobiles Kia Maroc a souffert de la crise du Covid-19, le management de GBH (d\u00e9tenteur exclusif de la carte de distribution au Maroc) se dit pr\u00eat au red\u00e9marrage de l\u2019activit\u00e9. Outre la mise en place des normes sanitaires la marque pr\u00e9pare la r\u00e9ouverture avec le lancement prochain du label Kia Occasions et l\u2019ouverture d\u2019un site de vente d\u00e9di\u00e9 \u00e0 Casablanca. Au programme \u00e9galement, l\u2019ouverture d\u2019une autre succursale \u00e0 Tanger sur le m\u00eame mod\u00e8le que celle de Rabat mais aussi d\u2019autres points de vente \u00e0 Oujda, Sal\u00e9 et Kenitra. Enfin, Kia maintient son plan produit avec les lancements programm\u00e9s des Niro, Seltos et K5 au cours du second semestre. Elle annonce aussi que d\u00e9sormais tous ses v\u00e9hicules seront assortis d\u2019une assistance d\u2019une dur\u00e9e \u00e9quivalente \u00e0 la garantie (jusqu\u2019\u00e0 7 ans en fonction du mod\u00e8le).<br \/><em>M.A.B.<\/em><\/p>\n<\/div>\n<\/div>\n<\/div>\n<\/div>\n<div class=\"eco-conseil\">\n<div class=\"view view-eco-conseil-16 view-id-eco_conseil_16 view-display-id-cookies view-dom-id-678afc2b2d84fd7d015c3500f512390b\">\n<div class=\"view-content\">\n<div id=\"views-bootstrap-grid-1\" class=\"views-bootstrap-grid-plugin-style\">\n<div class=\"row\">\n<div class=\" col-xs-12 col-lg-4\">\n<div class=\"row\">\n<div class=\"col col-xs-12 col-lg-12\">\n<div class=\"field-content\"><a href=\"\/article\/1061957-un-laboratoire-pour-l-accompagnement-des-cooperatives\"><img loading=\"lazy\" decoding=\"async\" class=\"img-responsive\" typeof=\"foaf:Image\" src=\"https:\/\/www.leconomiste.com\/sites\/default\/files\/eco7\/public\/styles\/800x400\/public\/default_images\/default_une.jpg?itok=4jZlgnIZ\" width=\"660\" height=\"330\" alt=\"\"\/><\/a><\/div>\n<\/div>\n<div class=\" title_suite_2 col col-xs-12 col-lg-12\"> <a href=\"\/article\/1061957-un-laboratoire-pour-l-accompagnement-des-cooperatives\"\/><span class=\"field-content\">Article 1061957<\/span><\/div>\n<\/div>\n<\/div>\n<div class=\" col-xs-12 col-lg-4\">\n<div class=\"row\">\n<div class=\"col col-xs-12 col-lg-12\">\n<div class=\"field-content\"><a href=\"\/article\/1061955-kia-deja-operationnelle-rabat\"><img loading=\"lazy\" decoding=\"async\" class=\"img-responsive\" typeof=\"foaf:Image\" src=\"https:\/\/www.leconomiste.com\/sites\/default\/files\/eco7\/public\/styles\/800x400\/public\/default_images\/default_une.jpg?itok=4jZlgnIZ\" width=\"660\" height=\"330\" alt=\"\"\/><\/a><\/div>\n<\/div>\n<div class=\" title_suite_2 col col-xs-12 col-lg-12\"> <a href=\"\/article\/1061955-kia-deja-operationnelle-rabat\"\/><span class=\"field-content\">Kia d\u00e9j\u00e0 op\u00e9rationnelle \u00e0 Rabat <\/span><\/div>\n<\/div>\n<\/div>\n<div class=\" col-xs-12 col-lg-4\">\n<div class=\"row\">\n<div class=\"col col-xs-12 col-lg-12\">\n<div class=\"field-content\"><a href=\"\/article\/1061954-la-fondation-al-mada-aide-les-menages-les-plus-vulnerables\"><img loading=\"lazy\" decoding=\"async\" class=\"img-responsive\" typeof=\"foaf:Image\" src=\"https:\/\/www.leconomiste.com\/sites\/default\/files\/eco7\/public\/styles\/800x400\/public\/default_images\/default_une.jpg?itok=4jZlgnIZ\" width=\"660\" height=\"330\" alt=\"\"\/><\/a><\/div>\n<\/div>\n<div class=\" title_suite_2 col col-xs-12 col-lg-12\"> <a href=\"\/article\/1061954-la-fondation-al-mada-aide-les-menages-les-plus-vulnerables\"\/><span class=\"field-content\">La Fondation Al Mada aide les m\u00e9nages les plus vuln\u00e9rables <\/span><\/div>\n<\/div>\n<\/div>\n<\/div>\n<\/div>\n<\/div>\n<\/div>\n<\/div>\n<p>Auteur: hlafriqi<br \/>\n<a href=\"https:\/\/www.leconomiste.com\/article\/1061956-kia-prete-pour-l-apres-confinement\">Cliquez ici pour lire l&rsquo;article depuis sa source.<\/a><\/p>\n","protected":false},"excerpt":{"rendered":"<p>Si comme toutes les marques automobiles Kia Maroc a souffert de la crise du Covid-19, le management de GBH (d\u00e9tenteur exclusif de la carte de distribution au Maroc) se dit pr\u00eat au red\u00e9marrage de l\u2019activit\u00e9. Outre la mise en place des normes sanitaires la marque pr\u00e9pare la r\u00e9ouverture avec le lancement prochain du label Kia [&hellip;]<\/p>\n","protected":false},"author":1763,"featured_media":0,"comment_status":"closed","ping_status":"closed","sticky":false,"template":"","format":"standard","meta":{"fifu_image_url":"","fifu_image_alt":"","footnotes":""},"categories":[78,54],"tags":[],"class_list":["post-85457","post","type-post","status-publish","format-standard","hentry","category-economie","category-maroc"],"_links":{"self":[{"href":"https:\/\/linitiative.ca\/International\/wp-json\/wp\/v2\/posts\/85457","targetHints":{"allow":["GET"]}}],"collection":[{"href":"https:\/\/linitiative.ca\/International\/wp-json\/wp\/v2\/posts"}],"about":[{"href":"https:\/\/linitiative.ca\/International\/wp-json\/wp\/v2\/types\/post"}],"author":[{"embeddable":true,"href":"https:\/\/linitiative.ca\/International\/wp-json\/wp\/v2\/users\/1763"}],"replies":[{"embeddable":true,"href":"https:\/\/linitiative.ca\/International\/wp-json\/wp\/v2\/comments?post=85457"}],"version-history":[{"count":0,"href":"https:\/\/linitiative.ca\/International\/wp-json\/wp\/v2\/posts\/85457\/revisions"}],"wp:attachment":[{"href":"https:\/\/linitiative.ca\/International\/wp-json\/wp\/v2\/media?parent=85457"}],"wp:term":[{"taxonomy":"category","embeddable":true,"href":"https:\/\/linitiative.ca\/International\/wp-json\/wp\/v2\/categories?post=85457"},{"taxonomy":"post_tag","embeddable":true,"href":"https:\/\/linitiative.ca\/International\/wp-json\/wp\/v2\/tags?post=85457"}],"curies":[{"name":"wp","href":"https:\/\/api.w.org\/{rel}","templated":true}]}}