{"id":85459,"date":"2020-05-14T10:00:00","date_gmt":"2020-05-14T14:00:00","guid":{"rendered":"https:\/\/linitiative.ca\/International\/aymen-ben-mohamed-dans-le-viseur\/"},"modified":"2020-05-14T10:00:00","modified_gmt":"2020-05-14T14:00:00","slug":"aymen-ben-mohamed-dans-le-viseur","status":"publish","type":"post","link":"https:\/\/linitiative.ca\/International\/aymen-ben-mohamed-dans-le-viseur\/","title":{"rendered":"Aymen Ben Mohamed dans le viseur"},"content":{"rendered":"<p class=\"MsoNormal\">Sortant d\u2019une br\u00e8ve exp\u00e9rience pratiquement rat\u00e9e avec le club de D2 fran\u00e7aise Le Havre, L\u2019ex-arri\u00e8re gauche de l\u2019EST , Aymen B Mohamed est cit\u00e9 du c\u00f4t\u00e9 de l\u2019Etoile, ou du moins certains agents sont entrain de faire le forcing pour envoyer l\u2019international tunisien \u00e0 l\u2019ESS.<\/p>\n<p class=\"MsoNormal\">Il faut rappeler, que ce n\u2019est pas la premi\u00e8re fois que Ben Mohamed est annonc\u00e9 du c\u00f4t\u00e9 du club sah\u00e9lien, puisqu\u2019avant son transfert au Havre, des discussions avaient eu lieu entre les diff\u00e9rentes parties, mais finalement le <span class=\"c2\">\u00a0<\/span>joueur avait pr\u00e9f\u00e9r\u00e9 aller en Europe. Affaire \u00e0 suivre\u2026<\/p>\n<p class=\"MsoNormal\"><strong>Methnani pr\u00eat \u00e0 rempiler<\/strong><\/p>\n<p class=\"MsoNormal\">Lors d\u2019une r\u00e9cente d\u00e9claration, Mohamed Methnani a avou\u00e9 son souhait de rester \u00e0 l\u2019Etoile\u00a0<em>\u00ab\u00a0Je me sens tr\u00e8s <span class=\"c2\">\u00a0<\/span>bien \u00e0 l\u2019Etoile o\u00f9 j\u2019ai v\u00e9cu de tr\u00e8s bons moments, c\u2019est un honneur de continuer l\u2019exp\u00e9rience avec l\u2019ESS, mais pour l\u2019instant personne ne m\u2019a abord\u00e9 pour une \u00e9ventuelle reconduction de mon bail\u00a0\u00bb.<\/em><\/p>\n<p class=\"MsoNormal\">A noter que le contrat du milieu d\u00e9fensif \u00e9toil\u00e9 expire en Juin prochain et sera automatiquement prolong\u00e9 jusqu\u2019en septembre suite \u00e0 la d\u00e9cision de la FTF.<\/p>\n<p class=\"MsoNormal\"><strong><span class=\"c2\">\u00a0\u00a0\u00a0\u00a0\u00a0\u00a0\u00a0\u00a0\u00a0\u00a0\u00a0\u00a0\u00a0\u00a0\u00a0\u00a0\u00a0\u00a0\u00a0\u00a0\u00a0\u00a0\u00a0\u00a0\u00a0\u00a0\u00a0\u00a0<\/span> Viste d\u2019inspection au stade<\/strong><\/p>\n<p class=\"MsoNormal\">Toutes les parties concern\u00e9es par le projet tant attendu de l\u2019extension du stade Olympique de Sousse, ont accompli mardi une visite sur les lieux des travaux afin de booster l\u2019avancement du chantier et d\u00e9pister les probl\u00e8mes qui persistent, surtout que l\u2019on \u00e9voque des retards de d\u00e9blocage des fonds au profit du promoteur du projet. Il y avait sur les lieux notamment, le gouverneur, le Maire de Sousse, l\u2019ing\u00e9nieur des travaux et surtout le pr\u00e9sident de l\u2019Etoile Dr Ridha Charfeddine. On estime \u00e0 50% le degr\u00e9 d\u2019avancement des travaux.<\/p>\n<p class=\"MsoNormal c3\"><strong>Hatem REGAIEG<\/strong><\/p>\n<p>Auteur: letemps1<br \/>\n<a href=\"http:\/\/www.letemps.com.tn\/article\/113842\/aymen-ben-mohamed-dans-le-viseur\">Cliquez ici pour lire l&rsquo;article depuis sa source.<\/a><\/p>\n","protected":false},"excerpt":{"rendered":"<p>Sortant d\u2019une br\u00e8ve exp\u00e9rience pratiquement rat\u00e9e avec le club de D2 fran\u00e7aise Le Havre, L\u2019ex-arri\u00e8re gauche de l\u2019EST , Aymen B Mohamed est cit\u00e9 du c\u00f4t\u00e9 de l\u2019Etoile, ou du moins certains agents sont entrain de faire le forcing pour envoyer l\u2019international tunisien \u00e0 l\u2019ESS. Il faut rappeler, que ce n\u2019est pas la premi\u00e8re fois [&hellip;]<\/p>\n","protected":false},"author":1773,"featured_media":0,"comment_status":"closed","ping_status":"closed","sticky":false,"template":"","format":"standard","meta":{"fifu_image_url":"","fifu_image_alt":"","footnotes":""},"categories":[73,55],"tags":[],"class_list":["post-85459","post","type-post","status-publish","format-standard","hentry","category-actualite","category-tunisie"],"_links":{"self":[{"href":"https:\/\/linitiative.ca\/International\/wp-json\/wp\/v2\/posts\/85459","targetHints":{"allow":["GET"]}}],"collection":[{"href":"https:\/\/linitiative.ca\/International\/wp-json\/wp\/v2\/posts"}],"about":[{"href":"https:\/\/linitiative.ca\/International\/wp-json\/wp\/v2\/types\/post"}],"author":[{"embeddable":true,"href":"https:\/\/linitiative.ca\/International\/wp-json\/wp\/v2\/users\/1773"}],"replies":[{"embeddable":true,"href":"https:\/\/linitiative.ca\/International\/wp-json\/wp\/v2\/comments?post=85459"}],"version-history":[{"count":0,"href":"https:\/\/linitiative.ca\/International\/wp-json\/wp\/v2\/posts\/85459\/revisions"}],"wp:attachment":[{"href":"https:\/\/linitiative.ca\/International\/wp-json\/wp\/v2\/media?parent=85459"}],"wp:term":[{"taxonomy":"category","embeddable":true,"href":"https:\/\/linitiative.ca\/International\/wp-json\/wp\/v2\/categories?post=85459"},{"taxonomy":"post_tag","embeddable":true,"href":"https:\/\/linitiative.ca\/International\/wp-json\/wp\/v2\/tags?post=85459"}],"curies":[{"name":"wp","href":"https:\/\/api.w.org\/{rel}","templated":true}]}}