{"id":85460,"date":"2020-05-14T10:00:00","date_gmt":"2020-05-14T14:00:00","guid":{"rendered":"https:\/\/linitiative.ca\/International\/le-cameroun-sixieme-pays-africain-a-mettre-un-terme-a-sa-competition\/"},"modified":"2020-05-14T10:00:00","modified_gmt":"2020-05-14T14:00:00","slug":"le-cameroun-sixieme-pays-africain-a-mettre-un-terme-a-sa-competition","status":"publish","type":"post","link":"https:\/\/linitiative.ca\/International\/le-cameroun-sixieme-pays-africain-a-mettre-un-terme-a-sa-competition\/","title":{"rendered":"Le Cameroun, sixi\u00e8me pays africain, \u00e0 mettre  un terme \u00e0 sa comp\u00e9tition"},"content":{"rendered":"<p class=\"MsoNormal c4\"><span class=\"c3\">Le Cameroun est le sixi\u00e8me pays africain, \u00e0 mettre<span class=\"c2\">\u00a0<\/span> un terme \u00e0 sa comp\u00e9tition.C\u2019est la d\u00e9cision prise mardi par la Fecafoot (F\u00e9d\u00e9ration camerounaise de football). La saison de football est d\u00e9finitivement arr\u00eat\u00e9e en raison de la crise du coronavirus.<\/span><\/p>\n<p class=\"MsoNormal c4\"><span class=\"c3\">Une semaine apr\u00e8s appel\u00e9 les acteurs \u00e0 l\u2019attente, l\u2019instance <span class=\"c2\">\u00a0<\/span>a prononc\u00e9 <span class=\"c2\">\u00a0<\/span>la fin des comp\u00e9titions. Ceci \u00e0 l\u2019issue d\u2019une r\u00e9union avec les syndicats des clubs de l\u2019\u00e9lite et des footballeurs. Ainsi que la commission m\u00e9dicale et celle de s\u00e9curit\u00e9.<\/span><\/p>\n<p class=\"MsoNormal c4\"><span class=\"c3\">Ainsi, PWD de Bamenda leader au classement de l\u2019Elite One est d\u00e9clar\u00e9 champion et repr\u00e9sentera le pays en Ligue des champions CAF. Astres de Douala est le vainqueur de l\u2019Elite Two et Louves empoche le championnat f\u00e9minin. En revanche, pas de rel\u00e9gation \u00e0 aucun \u00e9tage du football camerounais.<\/span><\/p>\n<p class=\"MsoNormal c4\"><span class=\"c3\">Promotion dans l\u2019Elite pour Yafoot Fc et Dragons de Yaound\u00e9.<\/span><\/p>\n<p class=\"MsoNormal c4\"><span class=\"c3\">Par ailleurs, les clubs des comp\u00e9titions amateurs et jeunes annul\u00e9es sont r\u00e9affili\u00e9s d\u2019office pour la saison prochaine.<\/span><\/p>\n<p class=\"MsoNormal c4\"><span class=\"c3\">Le Cameroun rejoint l\u2019Ethiopie, Maurice, Kenya, Burkina Faso, Guin\u00e9e qui ont d\u00e9j\u00e0 mis un terme \u00e0 leur saison.<\/span><\/p>\n<p>Auteur: letemps1<br \/>\n<a href=\"http:\/\/www.letemps.com.tn\/article\/113843\/le-cameroun-sixi%C3%A8me-pays-africain-%C3%A0-mettre-un-terme-%C3%A0-sa-comp%C3%A9tition\">Cliquez ici pour lire l&rsquo;article depuis sa source.<\/a><\/p>\n","protected":false},"excerpt":{"rendered":"<p>Le Cameroun est le sixi\u00e8me pays africain, \u00e0 mettre\u00a0 un terme \u00e0 sa comp\u00e9tition.C\u2019est la d\u00e9cision prise mardi par la Fecafoot (F\u00e9d\u00e9ration camerounaise de football). La saison de football est d\u00e9finitivement arr\u00eat\u00e9e en raison de la crise du coronavirus. Une semaine apr\u00e8s appel\u00e9 les acteurs \u00e0 l\u2019attente, l\u2019instance \u00a0a prononc\u00e9 \u00a0la fin des comp\u00e9titions. Ceci [&hellip;]<\/p>\n","protected":false},"author":1773,"featured_media":0,"comment_status":"closed","ping_status":"closed","sticky":false,"template":"","format":"standard","meta":{"fifu_image_url":"","fifu_image_alt":"","footnotes":""},"categories":[73,55],"tags":[],"class_list":["post-85460","post","type-post","status-publish","format-standard","hentry","category-actualite","category-tunisie"],"_links":{"self":[{"href":"https:\/\/linitiative.ca\/International\/wp-json\/wp\/v2\/posts\/85460","targetHints":{"allow":["GET"]}}],"collection":[{"href":"https:\/\/linitiative.ca\/International\/wp-json\/wp\/v2\/posts"}],"about":[{"href":"https:\/\/linitiative.ca\/International\/wp-json\/wp\/v2\/types\/post"}],"author":[{"embeddable":true,"href":"https:\/\/linitiative.ca\/International\/wp-json\/wp\/v2\/users\/1773"}],"replies":[{"embeddable":true,"href":"https:\/\/linitiative.ca\/International\/wp-json\/wp\/v2\/comments?post=85460"}],"version-history":[{"count":0,"href":"https:\/\/linitiative.ca\/International\/wp-json\/wp\/v2\/posts\/85460\/revisions"}],"wp:attachment":[{"href":"https:\/\/linitiative.ca\/International\/wp-json\/wp\/v2\/media?parent=85460"}],"wp:term":[{"taxonomy":"category","embeddable":true,"href":"https:\/\/linitiative.ca\/International\/wp-json\/wp\/v2\/categories?post=85460"},{"taxonomy":"post_tag","embeddable":true,"href":"https:\/\/linitiative.ca\/International\/wp-json\/wp\/v2\/tags?post=85460"}],"curies":[{"name":"wp","href":"https:\/\/api.w.org\/{rel}","templated":true}]}}