{"id":85461,"date":"2020-05-14T10:00:00","date_gmt":"2020-05-14T14:00:00","guid":{"rendered":"https:\/\/linitiative.ca\/International\/la-designation-de-nabil-maaloul-a-la-tete-de-la-selection-nest-pas-un-bon-choix\/"},"modified":"2020-05-14T10:00:00","modified_gmt":"2020-05-14T14:00:00","slug":"la-designation-de-nabil-maaloul-a-la-tete-de-la-selection-nest-pas-un-bon-choix","status":"publish","type":"post","link":"https:\/\/linitiative.ca\/International\/la-designation-de-nabil-maaloul-a-la-tete-de-la-selection-nest-pas-un-bon-choix\/","title":{"rendered":"\u00abLa d\u00e9signation de Nabil M\u00e2aloul \u00e0 la t\u00eate de la s\u00e9lection n&rsquo;est pas un bon choix! \u00bb"},"content":{"rendered":"<p>.Mise au point de la F\u00e9d\u00e9ration syrienne, contrari\u00e9e par cette d\u00e9claration, jug\u00e9e d\u00e9plac\u00e9e<\/p>\n<div readability=\"68\">\n<p class=\"MsoNormal c3\"><span class=\"c2\">La d\u00e9signation\u00a0de Nabil Maaloul \u00e0 la t\u00eate de la s\u00e9lection nationale syrienne ne semble pas plaire \u00e0 l&rsquo;attaquant international syrien, Omar Assouma, qui joue dans les rangs de club saoudien, Ahly Jeddah. Le joueur\u00a0en question vient en effet de d\u00e9clarer dans une intervention accord\u00e9e r\u00e9cemment \u00e0 une cha\u00eene TV &lsquo; que la F\u00e9d\u00e9ration Syrienne de Football n&rsquo;a pas fait le bon choix en d\u00e9cidant de confier les destin\u00e9es techniques de l&rsquo;\u00e9quipe nationale de son pays au technicien tunisien, Nabil Maaloul.\u00a0 Les exp\u00e9riences avec les entra\u00eeneurs \u00e9trangers n&rsquo;ont pas \u00e9t\u00e9 en effet concluantes et partant de ce constat, je pense qu&rsquo;il aurait mieux fallu continuer \u00e0 faire confiance \u00e0 l&rsquo;entra\u00eeneur Fadjr Ibrahim (son compatriote).<\/span><\/p>\n<p class=\"MsoNormal c5\"><span class=\"c4\">\u00a0<\/span><\/p>\n<p class=\"MsoNormal c5\"><strong><span class=\"c4\">La FSF : Mise en place prochainement des r\u00e8gles r\u00e9gissant les rapports entre les joueurs et les m\u00e9dias<\/span><\/strong><\/p>\n<p class=\"MsoNormal c5\"><span class=\"c4\">\u00a0<\/span><\/p>\n<p class=\"MsoNormal c5\"><span class=\"c4\">\u00a0<\/span><\/p>\n<p class=\"MsoNormal c5\"><span class=\"c4\">Notons pour la petite histoire que\u00a0\u00a0Fehjr\u00a0Ibrahim a d\u00e9cid\u00e9, au mois de janvier dernier, de mettre fin \u00e0 ses fonctions \u00e0 la t\u00eate de l&rsquo;\u00e9quipe nationale de Syrie suite \u00e0 une divergence de vue sur la dur\u00e9e de son nouveau contrat. La F\u00e9d\u00e9ration, Syrienne de Football lui ayant propos\u00e9 un contrat de six mois tandis que Fedjr Ibrahim voulait un contrat portant sur une\u00a0 ann\u00e9e.<\/span><\/p>\n<p class=\"MsoNormal c5\"><span class=\"c4\">\u00a0Toujours est-il que la d\u00e9claration du soci\u00e9taire de Nadi Ahly\u00a0n&rsquo;a pas \u00e9t\u00e9, on le devine\u00a0bien, pour plaire \u00e0 l&rsquo;instance nationale syrienne du football laquelle, dans un communiqu\u00e9 qu&rsquo;elle a fait para\u00eetre dimanche dernier, a soulign\u00e9 &lsquo;qu&rsquo;\u00e0\u00a0la suite des propos formul\u00e9s par le, joueur Omar Essouma concernant la d\u00e9signation\u00a0de Nabil M\u00e2aloul au poste d&rsquo;entra\u00eeneur en chef de la s\u00e9lection<em>, nous tenons \u00e0 souligner que ces propos n&rsquo;engagent que la personne du joueur&rsquo;. La FSF a, par la m\u00eame occasion indiqu\u00e9 &lsquo;que dans le but d&rsquo;\u00e9viter, \u00e0 l&rsquo;avenir, un tel d\u00e9rapage, nous comptons proc\u00e9der, lors du\u00a0prochain rassemblement de la s\u00e9lection, \u00e0 l&rsquo;\u00e9tablissement des\u00a0r\u00e8gles devant r\u00e9gir les rapports des joueurs avec les m\u00e9dias\u00a0\u00bb.<\/em><\/span><\/p>\n<p class=\"MsoNormal c5\"><span class=\"c6\">\u00a0<\/span><\/p>\n<p class=\"MsoNormal c7\"><strong><span class=\"c6\">Ameur KERKENNI<\/span><\/strong><\/p>\n<\/div>\n<p>Auteur: letemps1<br \/>\n<a href=\"http:\/\/www.letemps.com.tn\/article\/113844\/%C2%ABla-d%C3%A9signation-de-nabil-m%C3%A2aloul-%C3%A0-la-t%C3%AAte-de-la-s%C3%A9lection-nest-pas-un-bon-choix-%C2%BB\">Cliquez ici pour lire l&rsquo;article depuis sa source.<\/a><\/p>\n","protected":false},"excerpt":{"rendered":"<p>.Mise au point de la F\u00e9d\u00e9ration syrienne, contrari\u00e9e par cette d\u00e9claration, jug\u00e9e d\u00e9plac\u00e9e La d\u00e9signation\u00a0de Nabil Maaloul \u00e0 la t\u00eate de la s\u00e9lection nationale syrienne ne semble pas plaire \u00e0 l&rsquo;attaquant international syrien, Omar Assouma, qui joue dans les rangs de club saoudien, Ahly Jeddah. Le joueur\u00a0en question vient en effet de d\u00e9clarer dans une [&hellip;]<\/p>\n","protected":false},"author":1773,"featured_media":0,"comment_status":"closed","ping_status":"closed","sticky":false,"template":"","format":"standard","meta":{"fifu_image_url":"","fifu_image_alt":"","footnotes":""},"categories":[73,55],"tags":[],"class_list":["post-85461","post","type-post","status-publish","format-standard","hentry","category-actualite","category-tunisie"],"_links":{"self":[{"href":"https:\/\/linitiative.ca\/International\/wp-json\/wp\/v2\/posts\/85461","targetHints":{"allow":["GET"]}}],"collection":[{"href":"https:\/\/linitiative.ca\/International\/wp-json\/wp\/v2\/posts"}],"about":[{"href":"https:\/\/linitiative.ca\/International\/wp-json\/wp\/v2\/types\/post"}],"author":[{"embeddable":true,"href":"https:\/\/linitiative.ca\/International\/wp-json\/wp\/v2\/users\/1773"}],"replies":[{"embeddable":true,"href":"https:\/\/linitiative.ca\/International\/wp-json\/wp\/v2\/comments?post=85461"}],"version-history":[{"count":0,"href":"https:\/\/linitiative.ca\/International\/wp-json\/wp\/v2\/posts\/85461\/revisions"}],"wp:attachment":[{"href":"https:\/\/linitiative.ca\/International\/wp-json\/wp\/v2\/media?parent=85461"}],"wp:term":[{"taxonomy":"category","embeddable":true,"href":"https:\/\/linitiative.ca\/International\/wp-json\/wp\/v2\/categories?post=85461"},{"taxonomy":"post_tag","embeddable":true,"href":"https:\/\/linitiative.ca\/International\/wp-json\/wp\/v2\/tags?post=85461"}],"curies":[{"name":"wp","href":"https:\/\/api.w.org\/{rel}","templated":true}]}}