{"id":85462,"date":"2020-05-14T10:00:00","date_gmt":"2020-05-14T14:00:00","guid":{"rendered":"https:\/\/linitiative.ca\/International\/platini-invite-le-president-de-la-fifa-infatinoa-demissionner\/"},"modified":"2020-05-14T10:00:00","modified_gmt":"2020-05-14T14:00:00","slug":"platini-invite-le-president-de-la-fifa-infatinoa-demissionner","status":"publish","type":"post","link":"https:\/\/linitiative.ca\/International\/platini-invite-le-president-de-la-fifa-infatinoa-demissionner\/","title":{"rendered":"Platini invite  le pr\u00e9sident de la FIFA , Infatino,\u00e0 d\u00e9missionner !"},"content":{"rendered":"<p class=\"MsoNormal c3\"><span class=\"c2\">Sur le terrain comme dans la vie, Michel Platini n&rsquo;est pas du genre \u00e0 baisser les bras. Champion d&rsquo;Europe en 1984 avec l&rsquo;\u00e9quipe de France, l&rsquo;ancien meneur de jeu avait magnifiquement r\u00e9ussi sa reconversion en devenant pr\u00e9sident de l&rsquo;UEFA, un pr\u00e9sident respect\u00e9 et aim\u00e9. Mais au moment de se candidater pour devenir pr\u00e9sident de la FIFA, Michel Platini a \u00e9t\u00e9 \u00e9cart\u00e9 et suspendu en raison d&rsquo;un paiement controvers\u00e9 re\u00e7u de la part de Sepp Blatter, augmentant les doutes concernant un \u00e9ventuel pot-de-vin concernant l&rsquo;attribution de la Coupe du monde 2022 au Qatar.<\/span><\/p>\n<p class=\"MsoNormal c3\"><span class=\"c2\">Gianni Infantino et le procureur g\u00e9n\u00e9ral suisse Michael Lauber<em>\u00a0\u00ab\u00a0se croient intouchables et au-dessus des lois\u00a0\u00bb<\/em>, tacle le Fran\u00e7ais, \u00e9cart\u00e9 de la course \u00e0 la pr\u00e9sidence de la FIFA apr\u00e8s avoir \u00e9t\u00e9 suspendu par la f\u00e9d\u00e9ration internationale pour un paiement controvers\u00e9 re\u00e7u de l&rsquo;ex-patron du football mondial Sepp Blatter, alors qu&rsquo;il \u00e9tait le grand favori pour succ\u00e9der \u00e0 ce dernier \u00e0 la t\u00eate de l&rsquo;instance du football mondial. Selon des r\u00e9v\u00e9lations r\u00e9centes de Le Monde,\u00a0Infantino et Lauber ont eu une s\u00e9rie de rendez-vous informels, un flou juridique qui soul\u00e8ve la question d&rsquo;une potentielle collusion entre la Fifa et la justice.<\/span><\/p>\n<p class=\"MsoNormal c4\"><strong><span class=\"c2\">\u00ab\u00a0Infantino va tout faire pour s&rsquo;accrocher \u00e0 son poste\u00a0\u00bb<\/span><\/strong><\/p>\n<p class=\"MsoNormal c3\"><span class=\"c2\">Arriv\u00e9 \u00e0 la t\u00eate de la FIFA\u00a0\u00ab\u00a0<em>par un habile concours de circonstances\u00a0\u00bb<\/em>, Gianni Infantino, devrait<em>\u00a0\u00ab\u00a0remettre son mandat\u00a0\u00bb<\/em>\u00a0estime Michel Platini dans\u00a0un entretien avec le magazine suisse\u00a0L&rsquo;Illustr\u00e9 publi\u00e9 ce mercredi :\u00a0\u00ab\u00a0<em>Je pense que Lauber a conscience qu&rsquo;il a franchi la ligne rouge. Infantino, lui, devrait \u00e0 mon sens remettre son mandat.\u00a0Mais le probl\u00e8me, c&rsquo;est qu&rsquo;il est devenu pr\u00e9sident de la FIFA par un habile concours de circonstances, en opportuniste, sans avoir de l\u00e9gitimit\u00e9 particuli\u00e8re. Il va donc tout faire pour s&rsquo;accrocher \u00e0 son poste<\/em>\u00ab\u00a0.<\/span><\/p>\n<p class=\"MsoNormal c3\"><em><span class=\"c2\">\u00ab\u00a0Le fait que j&rsquo;aie \u00e9t\u00e9 victime d&rsquo;un complot est pour moi une \u00e9vidence.\u00a0En 2016, la pr\u00e9sidence de la Fifa aurait d\u00fb me revenir \u00e0 une tr\u00e8s large majorit\u00e9, tout le monde le sait. Il semble que Gianni Infantino ait habilement combin\u00e9, au d\u00e9but de l&rsquo;\u00e9t\u00e9 2015, pour faire en sorte que je sois \u00e9cart\u00e9 de la course \u00e0 la pr\u00e9sidence de la Fifa, par des accords de circonstance pass\u00e9s en coulisses\u00a0\u00bb<\/span><\/em><span class=\"c5\">, a conclu\u00a0l&rsquo;ancien pr\u00e9sident de l&rsquo;UEFA, dont la suspension de quatre ans est arriv\u00e9e \u00e0 son terme en octobre dernier.<\/span><\/p>\n<p class=\"MsoNormal c6\"><span class=\"c2\">Michel Platini a accord\u00e9 cette interview avec un timing bien pr\u00e9cis, puisque cet entretien est publi\u00e9 le jour o\u00f9 la commission judiciaire de l&rsquo;Assembl\u00e9e f\u00e9d\u00e9rale suisse doit se prononcer sur l&rsquo;ouverture d\u2019une proc\u00e9dure de destitution du procureur Lauber, fragilis\u00e9 par ses rencontres informelles avec Gianni Infantino. L&rsquo;ancien meneur de jeu n&rsquo;a visiblement pas totalement quitt\u00e9 le jeu politique malgr\u00e9 sa suspension, d\u00e9sormais lev\u00e9e, ayant dur\u00e9 plusieurs ann\u00e9es.<\/span><\/p>\n<p>Auteur: letemps1<br \/>\n<a href=\"http:\/\/www.letemps.com.tn\/article\/113845\/platini-invite-le-pr%C3%A9sident-de-la-fifa-infatino%C3%A0-d%C3%A9missionner\">Cliquez ici pour lire l&rsquo;article depuis sa source.<\/a><\/p>\n","protected":false},"excerpt":{"rendered":"<p>Sur le terrain comme dans la vie, Michel Platini n&rsquo;est pas du genre \u00e0 baisser les bras. Champion d&rsquo;Europe en 1984 avec l&rsquo;\u00e9quipe de France, l&rsquo;ancien meneur de jeu avait magnifiquement r\u00e9ussi sa reconversion en devenant pr\u00e9sident de l&rsquo;UEFA, un pr\u00e9sident respect\u00e9 et aim\u00e9. Mais au moment de se candidater pour devenir pr\u00e9sident de la [&hellip;]<\/p>\n","protected":false},"author":1773,"featured_media":0,"comment_status":"closed","ping_status":"closed","sticky":false,"template":"","format":"standard","meta":{"fifu_image_url":"","fifu_image_alt":"","footnotes":""},"categories":[73,55],"tags":[],"class_list":["post-85462","post","type-post","status-publish","format-standard","hentry","category-actualite","category-tunisie"],"_links":{"self":[{"href":"https:\/\/linitiative.ca\/International\/wp-json\/wp\/v2\/posts\/85462","targetHints":{"allow":["GET"]}}],"collection":[{"href":"https:\/\/linitiative.ca\/International\/wp-json\/wp\/v2\/posts"}],"about":[{"href":"https:\/\/linitiative.ca\/International\/wp-json\/wp\/v2\/types\/post"}],"author":[{"embeddable":true,"href":"https:\/\/linitiative.ca\/International\/wp-json\/wp\/v2\/users\/1773"}],"replies":[{"embeddable":true,"href":"https:\/\/linitiative.ca\/International\/wp-json\/wp\/v2\/comments?post=85462"}],"version-history":[{"count":0,"href":"https:\/\/linitiative.ca\/International\/wp-json\/wp\/v2\/posts\/85462\/revisions"}],"wp:attachment":[{"href":"https:\/\/linitiative.ca\/International\/wp-json\/wp\/v2\/media?parent=85462"}],"wp:term":[{"taxonomy":"category","embeddable":true,"href":"https:\/\/linitiative.ca\/International\/wp-json\/wp\/v2\/categories?post=85462"},{"taxonomy":"post_tag","embeddable":true,"href":"https:\/\/linitiative.ca\/International\/wp-json\/wp\/v2\/tags?post=85462"}],"curies":[{"name":"wp","href":"https:\/\/api.w.org\/{rel}","templated":true}]}}