{"id":85463,"date":"2020-05-14T10:00:00","date_gmt":"2020-05-14T14:00:00","guid":{"rendered":"https:\/\/linitiative.ca\/International\/un-entraineur-egyptien-meurt-du-coronavirus\/"},"modified":"2020-05-14T10:00:00","modified_gmt":"2020-05-14T14:00:00","slug":"un-entraineur-egyptien-meurt-du-coronavirus","status":"publish","type":"post","link":"https:\/\/linitiative.ca\/International\/un-entraineur-egyptien-meurt-du-coronavirus\/","title":{"rendered":"Un entra\u00eeneur \u00e9gyptien meurt du coronavirus"},"content":{"rendered":"<p class=\"MsoNormal c3\"><span class=\"c2\">L\u2019entra\u00eeneur \u00e9gyptien, Mohamed Abdou, s\u2019est ajout\u00e9 \u00e0 la longue liste des victimes de la pand\u00e9mie du Covid-19. Le technicien a rendu l\u2019\u00e2me dans la soir\u00e9e du lundi 11 mai, affect\u00e9 par le virus.<\/span><\/p>\n<p class=\"MsoNormal c5\"><strong><span class=\"c4\">1<\/span><\/strong><\/p>\n<p class=\"MsoNormal c7\"><span class=\"c6\">La F\u00e9d\u00e9ration \u00e9gyptienne de football a annonc\u00e9, tard dans la soir\u00e9e de ce lundi 11 mai, le d\u00e9c\u00e8s de Mohamed Abdou, entra\u00eeneur des gardiens de but du club Badr Sport.<\/span><\/p>\n<p class=\"MsoNormal c7\"><em><span class=\"c6\">\u00abLa f\u00e9d\u00e9ration \u00e9gyptienne de football, son pr\u00e9sident, les membres du conseil d\u2019administration et du bureau ex\u00e9cutif ainsi que tous les employ\u00e9s d\u00e9plorent la mort du capitaine Mohamed Abdou, entra\u00eeneur des gardiens de but au sein du club Badr, d\u00e9c\u00e9d\u00e9 aujourd\u2019hui<\/span><\/em> <span class=\"c8\">(ndlr\u00a0: lundi) <em>du coronavirus\u2026\u00bb<\/em> a \u00e9crit l\u2019instance footballistique \u00e9gyptienne sur son compte Facebook.<\/span><\/p>\n<p class=\"MsoNormal c7\"><span class=\"c6\">L\u2019\u00c9gypte compte \u00e0 ce jour\u00a0plus de 8.500 cas confirm\u00e9s et pr\u00e8s de 500 d\u00e9c\u00e8s dus au virus, sur une population de 100 millions d\u2019habitants.<\/span><\/p>\n<p>Auteur: letemps1<br \/>\n<a href=\"http:\/\/www.letemps.com.tn\/article\/113846\/un-entra%C3%AEneur-%C3%A9gyptien-meurt-du-coronavirus\">Cliquez ici pour lire l&rsquo;article depuis sa source.<\/a><\/p>\n","protected":false},"excerpt":{"rendered":"<p>L\u2019entra\u00eeneur \u00e9gyptien, Mohamed Abdou, s\u2019est ajout\u00e9 \u00e0 la longue liste des victimes de la pand\u00e9mie du Covid-19. Le technicien a rendu l\u2019\u00e2me dans la soir\u00e9e du lundi 11 mai, affect\u00e9 par le virus. 1 La F\u00e9d\u00e9ration \u00e9gyptienne de football a annonc\u00e9, tard dans la soir\u00e9e de ce lundi 11 mai, le d\u00e9c\u00e8s de Mohamed Abdou, [&hellip;]<\/p>\n","protected":false},"author":1773,"featured_media":0,"comment_status":"closed","ping_status":"closed","sticky":false,"template":"","format":"standard","meta":{"fifu_image_url":"","fifu_image_alt":"","footnotes":""},"categories":[73,55],"tags":[],"class_list":["post-85463","post","type-post","status-publish","format-standard","hentry","category-actualite","category-tunisie"],"_links":{"self":[{"href":"https:\/\/linitiative.ca\/International\/wp-json\/wp\/v2\/posts\/85463","targetHints":{"allow":["GET"]}}],"collection":[{"href":"https:\/\/linitiative.ca\/International\/wp-json\/wp\/v2\/posts"}],"about":[{"href":"https:\/\/linitiative.ca\/International\/wp-json\/wp\/v2\/types\/post"}],"author":[{"embeddable":true,"href":"https:\/\/linitiative.ca\/International\/wp-json\/wp\/v2\/users\/1773"}],"replies":[{"embeddable":true,"href":"https:\/\/linitiative.ca\/International\/wp-json\/wp\/v2\/comments?post=85463"}],"version-history":[{"count":0,"href":"https:\/\/linitiative.ca\/International\/wp-json\/wp\/v2\/posts\/85463\/revisions"}],"wp:attachment":[{"href":"https:\/\/linitiative.ca\/International\/wp-json\/wp\/v2\/media?parent=85463"}],"wp:term":[{"taxonomy":"category","embeddable":true,"href":"https:\/\/linitiative.ca\/International\/wp-json\/wp\/v2\/categories?post=85463"},{"taxonomy":"post_tag","embeddable":true,"href":"https:\/\/linitiative.ca\/International\/wp-json\/wp\/v2\/tags?post=85463"}],"curies":[{"name":"wp","href":"https:\/\/api.w.org\/{rel}","templated":true}]}}