{"id":85475,"date":"2020-05-14T10:30:00","date_gmt":"2020-05-14T14:30:00","guid":{"rendered":"https:\/\/linitiative.ca\/International\/le-covid-19-a-demontre-le-genie-de-luniversite-algerienne\/"},"modified":"2020-05-14T10:30:00","modified_gmt":"2020-05-14T14:30:00","slug":"le-covid-19-a-demontre-le-genie-de-luniversite-algerienne","status":"publish","type":"post","link":"https:\/\/linitiative.ca\/International\/le-covid-19-a-demontre-le-genie-de-luniversite-algerienne\/","title":{"rendered":"Le Covid-19 a d\u00e9montr\u00e9 le \u00ab\u00a0g\u00e9nie\u00a0\u00bb de l\u2019Universit\u00e9 alg\u00e9rienne"},"content":{"rendered":"<p>\u00ab\u00a0Le Covid-19 a d\u00e9montr\u00e9 que l\u2019Universit\u00e9 alg\u00e9rienne est utile et qu\u2019il y a un g\u00e9nie qui sommeille en elle\u00a0\u00bb, a indiqu\u00e9 M. Chitour lors d\u2019une rencontre-d\u00e9bat au Centre de recherche sur l\u2019information scientifique et technique (CERIST), mod\u00e9r\u00e9 par le directeur g\u00e9n\u00e9ral de la recherche scientifique et du d\u00e9veloppement technologique, Hafid Aourag.<\/p>\n<p>Il a, \u00e9galement, f\u00e9licit\u00e9 la communaut\u00e9 universitaire alg\u00e9rienne, chercheurs et \u00e9tudiants notamment, pour \u00ab\u00a0les efforts fournis et le patriotisme affich\u00e9\u00a0\u00bb pour faire face \u00e0 la pand\u00e9mie, soulignant qu\u2019ils ont \u00ab\u00a0prouv\u00e9 qu\u2019ils ont de r\u00e9elles possibilit\u00e9s et capacit\u00e9s, malgr\u00e9 des conditions p\u00e9nibles\u00a0\u00bb.<\/p>\n<p>Le ministre a ajout\u00e9 que son d\u00e9partement \u00ab\u00a0ne m\u00e9nagera aucun effort pour pouvoir faire \u00e9merger ces comp\u00e9tences, leur permettre de finir leur enseignement dans de bonnes conditions et les amener \u00e0 arriver \u00e0 un dipl\u00f4me\u00a0\u00bb.<\/p>\n<p>Concernant les \u00e9tudiants en derni\u00e8res ann\u00e9es, M. Chitour a indiqu\u00e9: \u00ab\u00a0nous allons faire le maximum pour les aider \u00e0 trouver un emploi dans le cadre des micros entreprises et les start-up\u00a0\u00bb.<\/p>\n<hr \/>\n<p>A propos de la transition de l\u2019enseignement vers l\u2019anglais, le ministre a indiqu\u00e9 que \u00ab\u00a0tous les pays du monde vont vers l\u2019anglais. Nous devons y aller aussi\u00a0\u00bb, soulignant que cette transition \u00e9tait \u00ab\u00a0un chemin d\u00e9finitif\u00a0\u00bb.<\/p>\n<p>\u00ab\u00a0Nous allons vers l\u2019anglais tout doucement. La transition vers l\u2019anglais est s\u00fbre mais ne doit pas se faire dans la pr\u00e9cipitation\u00a0\u00bb, a ajout\u00e9 M. Chitour, pr\u00e9cisant que \u00ab\u00a0la priorit\u00e9 est donn\u00e9e au contenu et non au contenant\u00a0\u00bb.Pour ceux qui soutiennent leurs th\u00e8ses cette ann\u00e9e, le ministre les a appel\u00e9s \u00e0 fournir des efforts personnels en r\u00e9sumant la th\u00e8se en anglais \u00ab\u00a0au moins en dix pages\u00a0\u00bb, ce qui repr\u00e9sente, a-t-il expliqu\u00e9 \u00ab\u00a0la taille d\u2019une publication scientifique\u00a0\u00bb dans une revue.<\/p>\n<p>Par ailleurs, le ministre a \u00e9voqu\u00e9 les d\u00e9fis de l\u2019Universit\u00e9 du futur qui exigent d&rsquo;elle \u00ab\u00a0d\u2019\u00eatre \u00e0 l\u2019\u00e9coute de la demande industrielle, d\u2019\u00eatre flexible et non statique, ainsi que la cr\u00e9ation des p\u00f4les d\u2019excellence et des campus de l\u2019intelligence\u00a0\u00bb, soulignant que \u00ab\u00a0la nouvelle vision de l\u2019Universit\u00e9 doit \u00eatre coll\u00e9e \u00e0 la r\u00e9alit\u00e9 du monde\u00a0\u00bb.<\/p>\n<p>Dans une d\u00e9claration \u00e0 la presse en marge de la rencontre-d\u00e9bat, M. Chitour a fait savoir que l\u2019ann\u00e9e universitaire 2019\/2020 \u00ab\u00a0red\u00e9marrera vers la fin ao\u00fbt, si tout va bien\u00a0\u00bb, ajoutant que le retard accus\u00e9 suite au confinement impos\u00e9 par le Covid-19, \u00ab\u00a0sera rattrap\u00e9 pendant pr\u00e8s de deux mois, ensuite il y aura les examens\u00a0\u00bb.<\/p>\n<p>APS<\/p>\n<p>Auteur: elmoudjahid<br \/>\n<a href=\"http:\/\/www.elmoudjahid.com\/fr\/actualites\/153288\">Cliquez ici pour lire l&rsquo;article depuis sa source.<\/a><\/p>\n","protected":false},"excerpt":{"rendered":"<p>\u00ab\u00a0Le Covid-19 a d\u00e9montr\u00e9 que l\u2019Universit\u00e9 alg\u00e9rienne est utile et qu\u2019il y a un g\u00e9nie qui sommeille en elle\u00a0\u00bb, a indiqu\u00e9 M. Chitour lors d\u2019une rencontre-d\u00e9bat au Centre de recherche sur l\u2019information scientifique et technique (CERIST), mod\u00e9r\u00e9 par le directeur g\u00e9n\u00e9ral de la recherche scientifique et du d\u00e9veloppement technologique, Hafid Aourag. Il a, \u00e9galement, f\u00e9licit\u00e9 [&hellip;]<\/p>\n","protected":false},"author":1744,"featured_media":0,"comment_status":"closed","ping_status":"closed","sticky":false,"template":"","format":"standard","meta":{"fifu_image_url":"","fifu_image_alt":"","footnotes":""},"categories":[73,53],"tags":[],"class_list":["post-85475","post","type-post","status-publish","format-standard","hentry","category-actualite","category-algerie"],"_links":{"self":[{"href":"https:\/\/linitiative.ca\/International\/wp-json\/wp\/v2\/posts\/85475","targetHints":{"allow":["GET"]}}],"collection":[{"href":"https:\/\/linitiative.ca\/International\/wp-json\/wp\/v2\/posts"}],"about":[{"href":"https:\/\/linitiative.ca\/International\/wp-json\/wp\/v2\/types\/post"}],"author":[{"embeddable":true,"href":"https:\/\/linitiative.ca\/International\/wp-json\/wp\/v2\/users\/1744"}],"replies":[{"embeddable":true,"href":"https:\/\/linitiative.ca\/International\/wp-json\/wp\/v2\/comments?post=85475"}],"version-history":[{"count":0,"href":"https:\/\/linitiative.ca\/International\/wp-json\/wp\/v2\/posts\/85475\/revisions"}],"wp:attachment":[{"href":"https:\/\/linitiative.ca\/International\/wp-json\/wp\/v2\/media?parent=85475"}],"wp:term":[{"taxonomy":"category","embeddable":true,"href":"https:\/\/linitiative.ca\/International\/wp-json\/wp\/v2\/categories?post=85475"},{"taxonomy":"post_tag","embeddable":true,"href":"https:\/\/linitiative.ca\/International\/wp-json\/wp\/v2\/tags?post=85475"}],"curies":[{"name":"wp","href":"https:\/\/api.w.org\/{rel}","templated":true}]}}