{"id":85477,"date":"2020-05-14T11:00:00","date_gmt":"2020-05-14T15:00:00","guid":{"rendered":"https:\/\/linitiative.ca\/International\/propos-du-consul-general-marocain-a-oran-le-mae-convoque-lambassadeur-du-maroc-a-alger\/"},"modified":"2020-05-14T11:00:00","modified_gmt":"2020-05-14T15:00:00","slug":"propos-du-consul-general-marocain-a-oran-le-mae-convoque-lambassadeur-du-maroc-a-alger","status":"publish","type":"post","link":"https:\/\/linitiative.ca\/International\/propos-du-consul-general-marocain-a-oran-le-mae-convoque-lambassadeur-du-maroc-a-alger\/","title":{"rendered":"Propos du Consul g\u00e9n\u00e9ral marocain \u00e0 Oran: Le MAE convoque l\u2019ambassadeur du Maroc \u00e0 Alger"},"content":{"rendered":"<p><h2>\u00a0<\/h2>\n<\/p>\n<div readability=\"23\">\n<p>\u00ab\u00a0L\u2019ambassadeur du Royaume du Maroc \u00e0 Alger a \u00e9t\u00e9 convoqu\u00e9, mercredi 13 mai 2020, par M. Sabri Boukadoum, ministre des Affaires \u00e9trang\u00e8res pour le confronter aux propos du Consul g\u00e9n\u00e9ral du Maroc \u00e0 Oran lors d\u2019un \u00e9change avec des citoyens marocains\u00a0\u00bb, lit-on dans le communiqu\u00e9.<\/p>\n<p>Il a \u00e9t\u00e9 signifi\u00e9 \u00e0 l\u2019ambassadeur du Maroc que \u00ab\u00a0la qualification par le Consul g\u00e9n\u00e9ral du Maroc \u00e0 Oran, si elle venait \u00e0 \u00eatre \u00e9tablie, de l\u2019Alg\u00e9rie de &lsquo;pays ennemi&rsquo; est une violation grave des us et coutumes diplomatiques, qui ne saurait \u00eatre tol\u00e9r\u00e9e. C\u2019est \u00e9galement une atteinte \u00e0 la nature des relations entre deux pays voisins et deux peuples fr\u00e8res, ce qui requiert des autorit\u00e9s marocaines la prise des mesures appropri\u00e9es pour \u00e9viter les r\u00e9percussions de cet incident sur les relations bilat\u00e9rales\u00a0\u00bb, ajoute-t-on de m\u00eame source.<\/p>\n<p>APS<\/p>\n<\/div>\n<p>Auteur: elmoudjahid<br \/>\n<a href=\"http:\/\/www.elmoudjahid.com\/fr\/actualites\/153290\">Cliquez ici pour lire l&rsquo;article depuis sa source.<\/a><\/p>\n","protected":false},"excerpt":{"rendered":"<p>\u00a0 \u00ab\u00a0L\u2019ambassadeur du Royaume du Maroc \u00e0 Alger a \u00e9t\u00e9 convoqu\u00e9, mercredi 13 mai 2020, par M. Sabri Boukadoum, ministre des Affaires \u00e9trang\u00e8res pour le confronter aux propos du Consul g\u00e9n\u00e9ral du Maroc \u00e0 Oran lors d\u2019un \u00e9change avec des citoyens marocains\u00a0\u00bb, lit-on dans le communiqu\u00e9. Il a \u00e9t\u00e9 signifi\u00e9 \u00e0 l\u2019ambassadeur du Maroc que [&hellip;]<\/p>\n","protected":false},"author":1744,"featured_media":0,"comment_status":"closed","ping_status":"closed","sticky":false,"template":"","format":"standard","meta":{"fifu_image_url":"","fifu_image_alt":"","footnotes":""},"categories":[73,53],"tags":[],"class_list":["post-85477","post","type-post","status-publish","format-standard","hentry","category-actualite","category-algerie"],"_links":{"self":[{"href":"https:\/\/linitiative.ca\/International\/wp-json\/wp\/v2\/posts\/85477","targetHints":{"allow":["GET"]}}],"collection":[{"href":"https:\/\/linitiative.ca\/International\/wp-json\/wp\/v2\/posts"}],"about":[{"href":"https:\/\/linitiative.ca\/International\/wp-json\/wp\/v2\/types\/post"}],"author":[{"embeddable":true,"href":"https:\/\/linitiative.ca\/International\/wp-json\/wp\/v2\/users\/1744"}],"replies":[{"embeddable":true,"href":"https:\/\/linitiative.ca\/International\/wp-json\/wp\/v2\/comments?post=85477"}],"version-history":[{"count":0,"href":"https:\/\/linitiative.ca\/International\/wp-json\/wp\/v2\/posts\/85477\/revisions"}],"wp:attachment":[{"href":"https:\/\/linitiative.ca\/International\/wp-json\/wp\/v2\/media?parent=85477"}],"wp:term":[{"taxonomy":"category","embeddable":true,"href":"https:\/\/linitiative.ca\/International\/wp-json\/wp\/v2\/categories?post=85477"},{"taxonomy":"post_tag","embeddable":true,"href":"https:\/\/linitiative.ca\/International\/wp-json\/wp\/v2\/tags?post=85477"}],"curies":[{"name":"wp","href":"https:\/\/api.w.org\/{rel}","templated":true}]}}