{"id":85478,"date":"2020-05-14T13:20:00","date_gmt":"2020-05-14T17:20:00","guid":{"rendered":"https:\/\/linitiative.ca\/International\/securite-sociale-signature-dune-convention-pour-lamelioration-des-conditions-daccouchement\/"},"modified":"2020-05-14T13:20:00","modified_gmt":"2020-05-14T17:20:00","slug":"securite-sociale-signature-dune-convention-pour-lamelioration-des-conditions-daccouchement","status":"publish","type":"post","link":"https:\/\/linitiative.ca\/International\/securite-sociale-signature-dune-convention-pour-lamelioration-des-conditions-daccouchement\/","title":{"rendered":"S\u00e9curit\u00e9 sociale : Signature d&rsquo;une convention pour l&rsquo;am\u00e9lioration des conditions d&rsquo;accouchement"},"content":{"rendered":"<p>Les ministres du Travail, de l&rsquo;Emploi et de la S\u00e9curit\u00e9 sociale, Acheuk Youcef Chawki et de la Sant\u00e9, de la Population et de la R\u00e9forme hospitali\u00e8re, Abderrahmane Benbouzid, ont supervis\u00e9 la c\u00e9r\u00e9monie de signature de cette convention qui concernera, dans un premier temps, nombre de cliniques priv\u00e9es disposant d&rsquo;un service Maternit\u00e9 dans certaines wilayas, en tant qu'\u00a0\u00bbop\u00e9ration pilote\u00a0\u00bb.<\/p>\n<p>Ladite Convention a \u00e9t\u00e9 sign\u00e9e par le Directeur g\u00e9n\u00e9ral de la CNAS, Abderrahmane Lahfaya, le Directeur g\u00e9n\u00e9ral de la CASNOS, Toufik Hanoune et les gestionnaires de cliniques priv\u00e9es disposant d&rsquo;un service Maternit\u00e9 dans les wilayas de Souk Ahrak, Tissemsilt, Alger, B\u00e9ja\u00efa, Ouargla, Khenchela, Tlemcen et A\u00efn Defla, en attendant d&rsquo;\u00e9tendre l&rsquo;op\u00e9ration \u00e0 d&rsquo;autres wilayas.<\/p>\n<p>Intervenant \u00e0 l&rsquo;occasion, le ministre du Travail a indiqu\u00e9 que cette convention s&rsquo;inscrivait dans le cadre de la d\u00e9marche du secteur visant \u00e0 \u00ab\u00a0offrir aux assur\u00e9s sociaux et \u00e0 leurs ayants droit des prestations m\u00e9dicales de qualit\u00e9\u00a0\u00bb, et se veut \u00ab\u00a0le fruit d&rsquo;une coordination entre les minist\u00e8res de la Sant\u00e9 et de la S\u00e9curit\u00e9 sociale\u00a0\u00bb.<\/p>\n<p>Indiquant que cette convention s\u2019inscrivait dans le cadre de l\u2019application du d\u00e9cret ex\u00e9cutif n 60-20 du 14 mars 2020, le ministre a affirm\u00e9 qu\u2019elle avait, pour objectif, de \u00ab renforcer la s\u00e9rie de conventions conclues par le secteur du Travail, de l\u2019Emploi et de la S\u00e9curit\u00e9 sociale avec les professionnels de la Sant\u00e9 relevant du secteur priv\u00e9, \u00e0 l\u2019instar des centres d\u2019h\u00e9modialyse, de la cardiologie et du dispositif de conventionnement du m\u00e9decin traitant, au profit des assur\u00e9s sociaux et de leurs ayants droit\u00a0\u00bb.<\/p>\n<p>M. Acheuk Youcef a soulign\u00e9 que ce dispositif permettrait \u00e0 l\u2019assur\u00e9 social d\u2019acc\u00e9der \u00e0 des prestations en mati\u00e8re de soins, sans payer d&rsquo;honoraires, gr\u00e2ce au syst\u00e8me du tiers payant.<\/p>\n<p>Pour le ministre, cette convention \u00ab contribuera \u00e0 all\u00e9ger la charge sur les \u00e9tablissements hospitaliers publics, au vu du grand nombre de naissances enregistr\u00e9 annuellement \u00bb et \u00ab s\u2019av\u00e9rera d&rsquo;autant plus importante en cette conjoncture sanitaire exceptionnelle que vit le pays, du fait de la propagation du nouveau Coronavirus \u00bb.<\/p>\n<p>A cette occasion, M. Acheuk Youcef a appel\u00e9 les directeurs des caisses de S\u00e9curit\u00e9 sociale \u00e0 \u00ab engager la mise en place de programmes et de larges campagnes d\u2019information au niveau de l\u2019ensemble de leurs agences, y compris les guichets itin\u00e9rants de la S\u00e9curit\u00e9 sociale, en vue d\u2019expliquer et de pr\u00e9ciser les modalit\u00e9s et les conditions d\u2019acc\u00e8s aux prestations au titre de cette convention \u00bb.<\/p>\n<p>Pour sa part, le ministre de la Sant\u00e9 \u00a0a soulign\u00e9 que cet accord se voulait \u00ab\u00a0un saut qualitatif pour am\u00e9liorer la prise en charge de la maternit\u00e9 au niveau national\u00a0\u00bb et visait \u00e0 \u00ab\u00a0fixer les conditions et modalit\u00e9s de prise en charge des naissances en faveur des b\u00e9n\u00e9ficiaires de la s\u00e9curit\u00e9 sociale dans les \u00e9tablissements hospitaliers priv\u00e9s, \u00e0 savoir les m\u00e8res assur\u00e9es sociales et les \u00e9pouses des assur\u00e9s sociaux\u00a0\u00bb.<\/p>\n<p>\u00ab\u00a0L&rsquo;Alg\u00e9rie a connu ces 20 derni\u00e8res ann\u00e9es une augmentation significative en mati\u00e8re de naissances\u00a0\u00bb, a rappel\u00e9 le ministre qui pr\u00e9cise que ce nombre \u00ab\u00a0a doubl\u00e9 pour passer de 589.000 naissances en 2000 \u00e0 plus d&rsquo;un million en 2019\u00a0\u00bb.<\/p>\n<p>Il a en outre ajout\u00e9 que \u00ab\u00a0les services sp\u00e9cialis\u00e9s en gyn\u00e9cologie-obst\u00e9trique au niveau des \u00e9tablissements de sant\u00e9 relevant du secteur public ne sont plus en mesure de prendre en charge la femme enceinte dans des conditions humaines, \u00e0 m\u00eame de pr\u00e9server sa dignit\u00e9 et garantir son traitement\u00a0\u00bb, imputant cette situation \u00e0 \u00ab\u00a0l&rsquo;insuffisance des ressources humaines sp\u00e9cialis\u00e9es dans le secteur public et l&rsquo;incapacit\u00e9 de ces services \u00e0 absorber le nombre sans cesse croissant de femmes enceintes\u00a0\u00bb.<\/p>\n<p>\u00ab\u00a0Dans le cadre des efforts du Pr\u00e9sident de la R\u00e9publique visant \u00e0 garantir l&rsquo;acc\u00e8s de tous les citoyens \u00e0 des soins de qualit\u00e9, et compte tenu de l&rsquo;ampleur des insuffisances que connait le syst\u00e8me de sant\u00e9 national qui ont n\u00e9gativement impact\u00e9 la qualit\u00e9 des prestations prodigu\u00e9es aux citoyens, le secteur de la sant\u00e9 a pr\u00e9sent\u00e9, lors de la r\u00e9union du gouvernement du 15 janvier 2020, un plan d&rsquo;urgence \u00e0 l&rsquo;effet d&rsquo;op\u00e9rer un changement qualitatif que ressentiront les citoyens \u00e0 court terme\u00a0\u00bb, a-t-il poursuivi.<\/p>\n<p>Et d&rsquo;ajouter que \u00ab\u00a0parmi les priorit\u00e9s de ce plan d&rsquo;urgence figure l&rsquo;am\u00e9lioration de la prise en charge des femmes enceintes, et ce \u00e0 travers la conclusion de ces accords\u00a0\u00bb.<\/p>\n<p class=\"c6\">APS<\/p>\n<p>Auteur: elmoudjahid<br \/>\n<a href=\"http:\/\/www.elmoudjahid.com\/fr\/actualites\/153291\">Cliquez ici pour lire l&rsquo;article depuis sa source.<\/a><\/p>\n","protected":false},"excerpt":{"rendered":"<p>Les ministres du Travail, de l&rsquo;Emploi et de la S\u00e9curit\u00e9 sociale, Acheuk Youcef Chawki et de la Sant\u00e9, de la Population et de la R\u00e9forme hospitali\u00e8re, Abderrahmane Benbouzid, ont supervis\u00e9 la c\u00e9r\u00e9monie de signature de cette convention qui concernera, dans un premier temps, nombre de cliniques priv\u00e9es disposant d&rsquo;un service Maternit\u00e9 dans certaines wilayas, en [&hellip;]<\/p>\n","protected":false},"author":1744,"featured_media":0,"comment_status":"closed","ping_status":"closed","sticky":false,"template":"","format":"standard","meta":{"fifu_image_url":"","fifu_image_alt":"","footnotes":""},"categories":[73,53],"tags":[],"class_list":["post-85478","post","type-post","status-publish","format-standard","hentry","category-actualite","category-algerie"],"_links":{"self":[{"href":"https:\/\/linitiative.ca\/International\/wp-json\/wp\/v2\/posts\/85478","targetHints":{"allow":["GET"]}}],"collection":[{"href":"https:\/\/linitiative.ca\/International\/wp-json\/wp\/v2\/posts"}],"about":[{"href":"https:\/\/linitiative.ca\/International\/wp-json\/wp\/v2\/types\/post"}],"author":[{"embeddable":true,"href":"https:\/\/linitiative.ca\/International\/wp-json\/wp\/v2\/users\/1744"}],"replies":[{"embeddable":true,"href":"https:\/\/linitiative.ca\/International\/wp-json\/wp\/v2\/comments?post=85478"}],"version-history":[{"count":0,"href":"https:\/\/linitiative.ca\/International\/wp-json\/wp\/v2\/posts\/85478\/revisions"}],"wp:attachment":[{"href":"https:\/\/linitiative.ca\/International\/wp-json\/wp\/v2\/media?parent=85478"}],"wp:term":[{"taxonomy":"category","embeddable":true,"href":"https:\/\/linitiative.ca\/International\/wp-json\/wp\/v2\/categories?post=85478"},{"taxonomy":"post_tag","embeddable":true,"href":"https:\/\/linitiative.ca\/International\/wp-json\/wp\/v2\/tags?post=85478"}],"curies":[{"name":"wp","href":"https:\/\/api.w.org\/{rel}","templated":true}]}}