{"id":85479,"date":"2020-05-14T05:22:32","date_gmt":"2020-05-14T09:22:32","guid":{"rendered":"https:\/\/linitiative.ca\/International\/105042-natation-fin-de-saison-sportive-2019-2020\/"},"modified":"2020-05-14T05:22:32","modified_gmt":"2020-05-14T09:22:32","slug":"105042-natation-fin-de-saison-sportive-2019-2020","status":"publish","type":"post","link":"https:\/\/linitiative.ca\/International\/105042-natation-fin-de-saison-sportive-2019-2020\/","title":{"rendered":"Natation: fin de saison sportive 2019-2020"},"content":{"rendered":"<p><span class=\"sp-nh-title\">La ville de Miliana prochainement sur la liste des secteurs sauvegard\u00e9s en Alg\u00e9rie<\/span> &#8211; <span class=\"sp-nh-date\">jeudi 14 mai 2020 18:55<\/span><\/p>\n<p><span class=\"sp-nh-title\">Nouveaux projets de logement: prise en charge des besoins des personnes \u00e0 besoins sp\u00e9cifiques<\/span> &#8211; <span class=\"sp-nh-date\">jeudi 14 mai 2020 18:38<\/span><\/p>\n<p><span class=\"sp-nh-title\">L\u2019obligation du port de la bavette n\u2019est pas \u00e0 \u00e9carter si la situation n\u2019est pas sous contr\u00f4le<\/span> &#8211; <span class=\"sp-nh-date\">jeudi 14 mai 2020 18:31<\/span><\/p>\n<p><span class=\"sp-nh-title\">S\u00e9curit\u00e9 sociale: signature d&rsquo;une convention pour am\u00e9liorer les conditions d&rsquo;accouchement<\/span> &#8211; <span class=\"sp-nh-date\">jeudi 14 mai 2020 18:18<\/span><\/p>\n<p><span class=\"sp-nh-title\">Mascara-Covid19: neuf personnes gu\u00e9ries du coronavirus quittent l\u2019h\u00f4pital<\/span> &#8211; <span class=\"sp-nh-date\">jeudi 14 mai 2020 18:16<\/span><\/p>\n<p><span class=\"sp-nh-title\">Illizi: pour des m\u00e9canismes visant le d\u00e9veloppement de l\u2019agriculture saharienne<\/span> &#8211; <span class=\"sp-nh-date\">jeudi 14 mai 2020 18:09<\/span><\/p>\n<p><span class=\"sp-nh-title\">Chiali: le projet de tramway de Batna gel\u00e9 mais pas annul\u00e9<\/span> &#8211; <span class=\"sp-nh-date\">jeudi 14 mai 2020 17:49<\/span><\/p>\n<p><span class=\"sp-nh-title\">Le Premier ministre re\u00e7oit un message de son homologue chinois<\/span> &#8211; <span class=\"sp-nh-date\">jeudi 14 mai 2020 17:48<\/span><\/p>\n<p><span class=\"sp-nh-title\">Omari : L\u2019Etat \u0153uvre pour am\u00e9liorer le r\u00e9seau de distribution du lait<\/span> &#8211; <span class=\"sp-nh-date\">jeudi 14 mai 2020 17:39<\/span><\/p>\n<p><span class=\"sp-nh-title\">Douanes: saisie de plus de 23 kg de kif trait\u00e9 \u00e0 Sidi Bel-Abb\u00e8s<\/span> &#8211; <span class=\"sp-nh-date\">jeudi 14 mai 2020 17:38<\/span><\/p>\n<p><span class=\"sp-nh-title\">Covid-19: le port de masque par les commer\u00e7ants obligatoire d\u00e8s dimanche<\/span> &#8211; <span class=\"sp-nh-date\">jeudi 14 mai 2020 17:20<\/span><\/p>\n<p><span class=\"sp-nh-title\">Raouya: la num\u00e9risation de l\u2019administration du Domaine de l\u2019Etat lanc\u00e9e<\/span> &#8211; <span class=\"sp-nh-date\">jeudi 14 mai 2020 17:14<\/span><\/p>\n<p><span class=\"sp-nh-title\">Lutte contre le Covid-19 : arriv\u00e9e \u00e0 Alger d&rsquo;une \u00e9quipe d&rsquo;experts m\u00e9dicaux chinois<\/span> &#8211; <span class=\"sp-nh-date\">jeudi 14 mai 2020 17:06<\/span><\/p>\n<p><span class=\"sp-nh-title\">Propos du Consul g\u00e9n\u00e9ral marocain \u00e0 Oran: le MAE convoque l\u2019ambassadeur du Maroc \u00e0 Alger<\/span> &#8211; <span class=\"sp-nh-date\">jeudi 14 mai 2020 16:40<\/span><\/p>\n<p><span class=\"sp-nh-title\">Covid19: 189 nouveaux cas, 100 gu\u00e9risons et 7 d\u00e9c\u00e8s en Alg\u00e9rie durant les derni\u00e8res 24h<\/span> &#8211; <span class=\"sp-nh-date\">jeudi 14 mai 2020 16:29<\/span><\/p>\n<p><span class=\"sp-nh-title\">72e anniversaire de la Nakba: tous les projets de liquidation sont bris\u00e9s par le peuple palestinien<\/span> &#8211; <span class=\"sp-nh-date\">jeudi 14 mai 2020 16:19<\/span><\/p>\n<p><span class=\"sp-nh-title\">Factures impay\u00e9es: pas de coupure d&rsquo;\u00e9lectricit\u00e9 durant la p\u00e9riode de confinement<\/span> &#8211; <span class=\"sp-nh-date\">jeudi 14 mai 2020 16:09<\/span><\/p>\n<p><span class=\"sp-nh-title\">R\u00e9alisation de bavettes: l\u2019innovation dans l\u2019artisanat de confection, un cr\u00e9neau \u00e0 prendre en consid\u00e9ration<\/span> &#8211; <span class=\"sp-nh-date\">jeudi 14 mai 2020 16:01<\/span><\/p>\n<p><span class=\"sp-nh-title\">P\u00e9trole: l&rsquo;Alg\u00e9rie r\u00e9duit sa production conform\u00e9ment \u00e0 l\u2019accord de l\u2019OPEP+<\/span> &#8211; <span class=\"sp-nh-date\">jeudi 14 mai 2020 15:49<\/span><\/p>\n<p><span class=\"sp-nh-title\">Electricit\u00e9-gaz: le subventionnement a co\u00fbt\u00e9 au Tr\u00e9sor public pr\u00e8s de 18 mds DA en 2019<\/span> &#8211; <span class=\"sp-nh-date\">jeudi 14 mai 2020 15:42<\/span><\/p>\n<p>Auteur:<br \/>\n<a href=\"http:\/\/www.aps.dz\/sport\/105042-natation-fin-de-saison-sportive-2019-2020?utm_source=feedburner&#038;utm_medium=feed&#038;utm_campaign=Feed%3A+aps-sport+%28APS+-+SPORT%29\">Cliquez ici pour lire l&rsquo;article depuis sa source.<\/a><\/p>\n","protected":false},"excerpt":{"rendered":"<p>La ville de Miliana prochainement sur la liste des secteurs sauvegard\u00e9s en Alg\u00e9rie &#8211; jeudi 14 mai 2020 18:55 Nouveaux projets de logement: prise en charge des besoins des personnes \u00e0 besoins sp\u00e9cifiques &#8211; jeudi 14 mai 2020 18:38 L\u2019obligation du port de la bavette n\u2019est pas \u00e0 \u00e9carter si la situation n\u2019est pas sous [&hellip;]<\/p>\n","protected":false},"author":1790,"featured_media":0,"comment_status":"closed","ping_status":"closed","sticky":false,"template":"","format":"standard","meta":{"fifu_image_url":"","fifu_image_alt":"","footnotes":""},"categories":[53,75],"tags":[],"class_list":["post-85479","post","type-post","status-publish","format-standard","hentry","category-algerie","category-sport"],"_links":{"self":[{"href":"https:\/\/linitiative.ca\/International\/wp-json\/wp\/v2\/posts\/85479","targetHints":{"allow":["GET"]}}],"collection":[{"href":"https:\/\/linitiative.ca\/International\/wp-json\/wp\/v2\/posts"}],"about":[{"href":"https:\/\/linitiative.ca\/International\/wp-json\/wp\/v2\/types\/post"}],"author":[{"embeddable":true,"href":"https:\/\/linitiative.ca\/International\/wp-json\/wp\/v2\/users\/1790"}],"replies":[{"embeddable":true,"href":"https:\/\/linitiative.ca\/International\/wp-json\/wp\/v2\/comments?post=85479"}],"version-history":[{"count":0,"href":"https:\/\/linitiative.ca\/International\/wp-json\/wp\/v2\/posts\/85479\/revisions"}],"wp:attachment":[{"href":"https:\/\/linitiative.ca\/International\/wp-json\/wp\/v2\/media?parent=85479"}],"wp:term":[{"taxonomy":"category","embeddable":true,"href":"https:\/\/linitiative.ca\/International\/wp-json\/wp\/v2\/categories?post=85479"},{"taxonomy":"post_tag","embeddable":true,"href":"https:\/\/linitiative.ca\/International\/wp-json\/wp\/v2\/tags?post=85479"}],"curies":[{"name":"wp","href":"https:\/\/api.w.org\/{rel}","templated":true}]}}