{"id":85480,"date":"2020-05-13T13:41:00","date_gmt":"2020-05-13T17:41:00","guid":{"rendered":"https:\/\/linitiative.ca\/International\/decision-de-prolongation-du-confinement-les-oranais-sont-satisfaits\/"},"modified":"2020-05-13T13:41:00","modified_gmt":"2020-05-13T17:41:00","slug":"decision-de-prolongation-du-confinement-les-oranais-sont-satisfaits","status":"publish","type":"post","link":"https:\/\/linitiative.ca\/International\/decision-de-prolongation-du-confinement-les-oranais-sont-satisfaits\/","title":{"rendered":"DECISION DE PROLONGATION DU CONFINEMENT : Les Oranais sont satisfaits"},"content":{"rendered":"<p><br id=\"sep_para_1\" class=\"sep_para access\"\/><\/p>\n<div id=\"para_1\" class=\"para_36949790 resize\">\n<div class=\"texte access firstletter\">\u00ab La d\u00e9cision de prolonger le confinement du 15 mai au 31 mai de l&rsquo;ann\u00e9e en cours , \u00e9tait attendue et totalement justifi\u00e9e, vu la situation\u00a0 \u00e9pid\u00e9miologique de la maladie COVID-19- dans notre pays. M\u00eame si elle s\u2019est relativement stabilis\u00e9e, l\u2019\u00e9pid\u00e9mie reste \u00e0 des niveaux de contaminations relativement \u00e9lev\u00e9s. Bilan 08 d\u00e9c\u00e8s et plus 6000 cas confirm\u00e9s.<br \/>L\u2019Alg\u00e9rie a enregistr\u00e9 huit nouveaux d\u00e9c\u00e8s du Covid-19 ces derni\u00e8res 24 heures (deux la veille), portant \u00e0 515 le nombre de morts dans le pays depuis le d\u00e9but de la pand\u00e9mie, a annonc\u00e9 ce mardi 12 mai le porte-parole du comit\u00e9 scientifique en charge de la gestion de l\u2019\u00e9pid\u00e9mie le Pr Djamel Fourar. Les d\u00e9c\u00e8s ont \u00e9t\u00e9 d\u00e9plor\u00e9s \u00e0 Batna (2), Oum el Bouaghi, Djelfa, Mascara, M\u2019Sila, El Biadh et Blida, selon la m\u00eame source.<br \/>Le nombre\u00a0 de contaminations a augment\u00e9 de 167 nouveaux cas ces derni\u00e8res 24 heures, pour atteindre au total 6067 cas confirm\u00e9s r\u00e9partis sur l\u2019ensemble du territoire national, selon la m\u00eame source. Le nombre de gu\u00e9risons a augment\u00e9 de 157 pour atteindre 2998, selon le Pr Fourar, qui a pr\u00e9cis\u00e9 que le nombre de personnes sous traitement a atteint 9876.Heureusement que le nombre des d\u00e9c\u00e8s reste relativement bas \u00bb, expliquent Ils.\u00ab La hausse des chiffres des contaminations signifie que la circulation du virus dans notre communaut\u00e9 reste \u00e0 des degr\u00e9s suffisamment importants pour pouvoir menacer d\u2019une augmentation de la propagation \u00bb, indiquent les membres de la soci\u00e9t\u00e9 civile en compagnie des associations et des b\u00e9n\u00e9voles qui n&rsquo;ont pas manqu\u00e9s de d\u00e9clarer \u00ab Si on veut aller plus vite vers le d\u00e9confinement, il faut\u00a0 respecter toutes les mesures barri\u00e8res qui ont \u00e9t\u00e9 annonc\u00e9es depuis le d\u00e9but et qui consistent en l\u2019hygi\u00e8ne des mains, le port du masque et la distanciation sociale \u00bb.<\/div>\n<\/div>\n<p>Auteur: Medjadji H.<br \/>\n<a href=\"https:\/\/www.reflexiondz.net\/DECISION-DE-PROLONGATION-DU-CONFINEMENT-Les-Oranais-sont-satisfaits_a62683.html\">Cliquez ici pour lire l&rsquo;article depuis sa source.<\/a><\/p>\n","protected":false},"excerpt":{"rendered":"<p>\u00ab La d\u00e9cision de prolonger le confinement du 15 mai au 31 mai de l&rsquo;ann\u00e9e en cours , \u00e9tait attendue et totalement justifi\u00e9e, vu la situation\u00a0 \u00e9pid\u00e9miologique de la maladie COVID-19- dans notre pays. M\u00eame si elle s\u2019est relativement stabilis\u00e9e, l\u2019\u00e9pid\u00e9mie reste \u00e0 des niveaux de contaminations relativement \u00e9lev\u00e9s. Bilan 08 d\u00e9c\u00e8s et plus 6000 [&hellip;]<\/p>\n","protected":false},"author":1740,"featured_media":0,"comment_status":"closed","ping_status":"closed","sticky":false,"template":"","format":"standard","meta":{"fifu_image_url":"","fifu_image_alt":"","footnotes":""},"categories":[53,76],"tags":[],"class_list":["post-85480","post","type-post","status-publish","format-standard","hentry","category-algerie","category-regions"],"_links":{"self":[{"href":"https:\/\/linitiative.ca\/International\/wp-json\/wp\/v2\/posts\/85480","targetHints":{"allow":["GET"]}}],"collection":[{"href":"https:\/\/linitiative.ca\/International\/wp-json\/wp\/v2\/posts"}],"about":[{"href":"https:\/\/linitiative.ca\/International\/wp-json\/wp\/v2\/types\/post"}],"author":[{"embeddable":true,"href":"https:\/\/linitiative.ca\/International\/wp-json\/wp\/v2\/users\/1740"}],"replies":[{"embeddable":true,"href":"https:\/\/linitiative.ca\/International\/wp-json\/wp\/v2\/comments?post=85480"}],"version-history":[{"count":0,"href":"https:\/\/linitiative.ca\/International\/wp-json\/wp\/v2\/posts\/85480\/revisions"}],"wp:attachment":[{"href":"https:\/\/linitiative.ca\/International\/wp-json\/wp\/v2\/media?parent=85480"}],"wp:term":[{"taxonomy":"category","embeddable":true,"href":"https:\/\/linitiative.ca\/International\/wp-json\/wp\/v2\/categories?post=85480"},{"taxonomy":"post_tag","embeddable":true,"href":"https:\/\/linitiative.ca\/International\/wp-json\/wp\/v2\/tags?post=85480"}],"curies":[{"name":"wp","href":"https:\/\/api.w.org\/{rel}","templated":true}]}}