{"id":85481,"date":"2020-05-13T13:41:00","date_gmt":"2020-05-13T17:41:00","guid":{"rendered":"https:\/\/linitiative.ca\/International\/mascara-une-pharmacienne-victime-dune-tentative-dhomicide-volontaire\/"},"modified":"2020-05-13T13:41:00","modified_gmt":"2020-05-13T17:41:00","slug":"mascara-une-pharmacienne-victime-dune-tentative-dhomicide-volontaire","status":"publish","type":"post","link":"https:\/\/linitiative.ca\/International\/mascara-une-pharmacienne-victime-dune-tentative-dhomicide-volontaire\/","title":{"rendered":"MASCARA : Une pharmacienne victime d\u2019une tentative d\u2019homicide volontaire"},"content":{"rendered":"<p><br id=\"sep_para_1\" class=\"sep_para access\"\/><\/p>\n<div id=\"para_1\" class=\"para_36949766 resize\">\n<div class=\"texte access firstletter\">Les \u00e9l\u00e9ments de la brigade de police judiciaire relevant de la septi\u00e8me suret\u00e9 urbaine de Mascara ont r\u00e9ussi \u00e0 arr\u00eater l\u2019auteur de la tentative d\u2019homicide volontaire \u00e0 l\u2019encontre d\u2019une pharmacienne et ce, suite \u00e0 un appel re\u00e7u sur le num\u00e9ro de secours indiquant que la propri\u00e9taire d\u2019une pharmacie, au niveau du Faubourg Sidi Mouffok, avait \u00e9t\u00e9 agress\u00e9 par arme blanche \u00e0 l\u2019int\u00e9rieur de son officine par un individu inconnu. Les \u00e9l\u00e9ments de la police se sont rendus sur les lieux. La victime a \u00e9t\u00e9 \u00e9vacu\u00e9e aux services d\u2019urgences m\u00e9dicales pour recevoir les soins n\u00e9cessaires. Une enqu\u00eate a \u00e9t\u00e9 ouverte pour \u00e9lucider l\u2019affaire. Les \u00e9l\u00e9ments de la police ont ainsi r\u00e9ussi, apr\u00e8s exploitation de la vid\u00e9osurveillance \u00e0 proximit\u00e9 de la pharmacie \u00e0 identifier le suspect, \u00e2g\u00e9 de 24 ans, lequel a \u00e9t\u00e9 arr\u00eat\u00e9. Il s\u2019est av\u00e9r\u00e9, lors de l\u2019enqu\u00eate que le mis en cause est entr\u00e9 dans l\u2019officine o\u00f9 il a demand\u00e9 \u00e0 acheter plusieurs objets avant de surprendre la victime avec des coups de poignard au niveau de la poitrine. La victime a formellement reconnu son agresseur apr\u00e8s son arrestation, lequel a aussi reconnu les faits qui lui sont reproch\u00e9s. Une fois les proc\u00e9dures d\u2019enqu\u00eate accomplies, une proc\u00e9dure judiciaire a \u00e9t\u00e9 instruite \u00e0 l\u2019encontre du suspect, en vertu de laquelle il a \u00e9t\u00e9 pr\u00e9sent\u00e9 devant la justice, qui a ordonn\u00e9 son placement en d\u00e9tention.\u00a0\u00a0\u00a0\u00a0\u00a0\u00a0\u00a0\u00a0\u00a0\u00a0\u00a0\u00a0\u00a0\u00a0\u00a0\u00a0\u00a0\u00a0\u00a0\u00a0\u00a0<\/div>\n<\/div>\n<p>Auteur: B. Boufaden<br \/>\n<a href=\"https:\/\/www.reflexiondz.net\/MASCARA-Une-pharmacienne-victime-d-une-tentative-d-homicide-volontaire_a62681.html\">Cliquez ici pour lire l&rsquo;article depuis sa source.<\/a><\/p>\n","protected":false},"excerpt":{"rendered":"<p>Les \u00e9l\u00e9ments de la brigade de police judiciaire relevant de la septi\u00e8me suret\u00e9 urbaine de Mascara ont r\u00e9ussi \u00e0 arr\u00eater l\u2019auteur de la tentative d\u2019homicide volontaire \u00e0 l\u2019encontre d\u2019une pharmacienne et ce, suite \u00e0 un appel re\u00e7u sur le num\u00e9ro de secours indiquant que la propri\u00e9taire d\u2019une pharmacie, au niveau du Faubourg Sidi Mouffok, avait [&hellip;]<\/p>\n","protected":false},"author":1740,"featured_media":0,"comment_status":"closed","ping_status":"closed","sticky":false,"template":"","format":"standard","meta":{"fifu_image_url":"","fifu_image_alt":"","footnotes":""},"categories":[53,76],"tags":[],"class_list":["post-85481","post","type-post","status-publish","format-standard","hentry","category-algerie","category-regions"],"_links":{"self":[{"href":"https:\/\/linitiative.ca\/International\/wp-json\/wp\/v2\/posts\/85481","targetHints":{"allow":["GET"]}}],"collection":[{"href":"https:\/\/linitiative.ca\/International\/wp-json\/wp\/v2\/posts"}],"about":[{"href":"https:\/\/linitiative.ca\/International\/wp-json\/wp\/v2\/types\/post"}],"author":[{"embeddable":true,"href":"https:\/\/linitiative.ca\/International\/wp-json\/wp\/v2\/users\/1740"}],"replies":[{"embeddable":true,"href":"https:\/\/linitiative.ca\/International\/wp-json\/wp\/v2\/comments?post=85481"}],"version-history":[{"count":0,"href":"https:\/\/linitiative.ca\/International\/wp-json\/wp\/v2\/posts\/85481\/revisions"}],"wp:attachment":[{"href":"https:\/\/linitiative.ca\/International\/wp-json\/wp\/v2\/media?parent=85481"}],"wp:term":[{"taxonomy":"category","embeddable":true,"href":"https:\/\/linitiative.ca\/International\/wp-json\/wp\/v2\/categories?post=85481"},{"taxonomy":"post_tag","embeddable":true,"href":"https:\/\/linitiative.ca\/International\/wp-json\/wp\/v2\/tags?post=85481"}],"curies":[{"name":"wp","href":"https:\/\/api.w.org\/{rel}","templated":true}]}}