{"id":85482,"date":"2020-05-13T13:41:00","date_gmt":"2020-05-13T17:41:00","guid":{"rendered":"https:\/\/linitiative.ca\/International\/constantine-lancement-de-la-fabrication-de-10000-bavettes-de-protection\/"},"modified":"2020-05-13T13:41:00","modified_gmt":"2020-05-13T17:41:00","slug":"constantine-lancement-de-la-fabrication-de-10000-bavettes-de-protection","status":"publish","type":"post","link":"https:\/\/linitiative.ca\/International\/constantine-lancement-de-la-fabrication-de-10000-bavettes-de-protection\/","title":{"rendered":"CONSTANTINE  : Lancement de la fabrication de 10000 bavettes de protection"},"content":{"rendered":"<p><br id=\"sep_para_1\" class=\"sep_para access\"\/><\/p>\n<div id=\"para_1\" class=\"para_36949884 resize\">\n<div class=\"texte access firstletter\">Deux centres de la formation professionnelle de la wilaya de Constantine ont lanc\u00e9 une initiative de fabrication de 10.000 bavettes de protection multi-usages dans le cadre des efforts de pr\u00e9vention du nouveau coronavirus, a fait savoir la directrice du secteur, Rahima Zenati. La fabrication de cette quantit\u00e9 \u00abimportante\u00bb de bavettes multi-usages a pour but principal de participer aux efforts de lutte contre la propagation du Covid-19, a pr\u00e9cis\u00e9 \u00e0 l\u2019APS, la m\u00eame responsable rappelant la d\u00e9cision de wilaya imposant aux commer\u00e7ants et aux citoyens de porter les bavettes de protection dans les espaces commerciaux et les administrations. Le secteur de la formation et de l\u2019enseignement professionnels de Constantine avait d\u00e9j\u00e0 particip\u00e9 aux efforts de pr\u00e9vention de cette \u00e9pid\u00e9mie par la confection de 80.500 bavettes de protection conform\u00e9ment aux standards requis et ce \u00e0 travers 4 centres du secteur, rappelle-t-on. Elle a dans ce sens, mis en avant le sens d\u2019engagement manifest\u00e9 par les enseignants b\u00e9n\u00e9voles pour la production de ce type de protection contre le coronavirus. Soulignant que la distribution des bavettes de protection fabriqu\u00e9es dans les centres relevant du secteur de la formation professionnelle se fait \u00e0 titre gracieux au profit des citoyens et commer\u00e7ants.\u00a0\u00a0\u00a0\u00a0\u00a0<\/div>\n<\/div>\n<p>Auteur: Nadine<br \/>\n<a href=\"https:\/\/www.reflexiondz.net\/CONSTANTINE-Lancement-de-la-fabrication-de-10000-bavettes-de-protection_a62698.html\">Cliquez ici pour lire l&rsquo;article depuis sa source.<\/a><\/p>\n","protected":false},"excerpt":{"rendered":"<p>Deux centres de la formation professionnelle de la wilaya de Constantine ont lanc\u00e9 une initiative de fabrication de 10.000 bavettes de protection multi-usages dans le cadre des efforts de pr\u00e9vention du nouveau coronavirus, a fait savoir la directrice du secteur, Rahima Zenati. La fabrication de cette quantit\u00e9 \u00abimportante\u00bb de bavettes multi-usages a pour but principal [&hellip;]<\/p>\n","protected":false},"author":1740,"featured_media":0,"comment_status":"closed","ping_status":"closed","sticky":false,"template":"","format":"standard","meta":{"fifu_image_url":"","fifu_image_alt":"","footnotes":""},"categories":[53,76],"tags":[],"class_list":["post-85482","post","type-post","status-publish","format-standard","hentry","category-algerie","category-regions"],"_links":{"self":[{"href":"https:\/\/linitiative.ca\/International\/wp-json\/wp\/v2\/posts\/85482","targetHints":{"allow":["GET"]}}],"collection":[{"href":"https:\/\/linitiative.ca\/International\/wp-json\/wp\/v2\/posts"}],"about":[{"href":"https:\/\/linitiative.ca\/International\/wp-json\/wp\/v2\/types\/post"}],"author":[{"embeddable":true,"href":"https:\/\/linitiative.ca\/International\/wp-json\/wp\/v2\/users\/1740"}],"replies":[{"embeddable":true,"href":"https:\/\/linitiative.ca\/International\/wp-json\/wp\/v2\/comments?post=85482"}],"version-history":[{"count":0,"href":"https:\/\/linitiative.ca\/International\/wp-json\/wp\/v2\/posts\/85482\/revisions"}],"wp:attachment":[{"href":"https:\/\/linitiative.ca\/International\/wp-json\/wp\/v2\/media?parent=85482"}],"wp:term":[{"taxonomy":"category","embeddable":true,"href":"https:\/\/linitiative.ca\/International\/wp-json\/wp\/v2\/categories?post=85482"},{"taxonomy":"post_tag","embeddable":true,"href":"https:\/\/linitiative.ca\/International\/wp-json\/wp\/v2\/tags?post=85482"}],"curies":[{"name":"wp","href":"https:\/\/api.w.org\/{rel}","templated":true}]}}