{"id":85483,"date":"2020-05-13T13:41:00","date_gmt":"2020-05-13T17:41:00","guid":{"rendered":"https:\/\/linitiative.ca\/International\/lutte-contre-la-covid-19-les-dons-numeraires-selevent-a-3-milliards-da\/"},"modified":"2020-05-13T13:41:00","modified_gmt":"2020-05-13T17:41:00","slug":"lutte-contre-la-covid-19-les-dons-numeraires-selevent-a-3-milliards-da","status":"publish","type":"post","link":"https:\/\/linitiative.ca\/International\/lutte-contre-la-covid-19-les-dons-numeraires-selevent-a-3-milliards-da\/","title":{"rendered":"LUTTE CONTRE LA COVID-19 : Les dons num\u00e9raires  s&rsquo;\u00e9l\u00e8vent \u00e0 3 milliards DA"},"content":{"rendered":"<p><br id=\"sep_para_1\" class=\"sep_para access\"\/><\/p>\n<div id=\"para_1\" class=\"para_36949863 resize\">\n<div class=\"texte access firstletter\">S&rsquo;exprimant lors d&rsquo;une conf\u00e9rence de presse, le Porte-parole de la Pr\u00e9sidence de la R\u00e9publique a affirm\u00e9 que \u00ab\u00a0ces fonds seront distribu\u00e9s \u00e0 leurs v\u00e9ritables ayants-droit et les personnes l\u00e9s\u00e9es par la pand\u00e9mie, en fonction des crit\u00e8res transparents fix\u00e9s par une commission pr\u00e9sid\u00e9e par le Premier ministre et constitu\u00e9e des repr\u00e9sentants du Croissant rouge alg\u00e9rien (CRA) et de la soci\u00e9t\u00e9 civile\u00a0\u00bb. Par ailleurs,\u00a0 Le ministre conseiller \u00e0 la communication,Porte-parole officiel de la pr\u00e9sidence de la R\u00e9publique, Bela\u00efd Mohand Oussa\u00efd a fait savoir mercredi \u00e0 Alger que le nombre total des personnes inscrites pour b\u00e9n\u00e9ficier de l&rsquo;allocation de 10.000 DA a atteint, jusqu&rsquo;\u00e0 mardi, 300.000 personnes, relevant que cette allocation sera vers\u00e9e avant l&rsquo;Aid El Fitr.\u00a0 \u00ab\u00a0Concernant les op\u00e9rations de solidarit\u00e9 en faveur des personnes impact\u00e9es par la pand\u00e9mie de nouveau coronavirus, le total des personnes inscrites pour b\u00e9n\u00e9ficier de l&rsquo;allocation de 10.000 DA a atteint pr\u00e8s de 300.000 personnes jusqu&rsquo;\u00e0 hier mardi\u00a0\u00bb, a pr\u00e9cis\u00e9 le ministre lors d&rsquo;une conf\u00e9rence de presse. Soulignant que \u00ab\u00a0cette allocation de solidarit\u00e9 sera vers\u00e9e dans les jours \u00e0 venir, avant m\u00eame l&rsquo;Aid El Fitr\u00a0\u00bb, le Porte-parole de la pr\u00e9sidence de la R\u00e9publique a en outre indiqu\u00e9 que \u00ab\u00a0700.000 familles, dont 74% dans les zones d&rsquo;ombre, ont b\u00e9n\u00e9fici\u00e9 de pr\u00e8s de 22.000 tonnes de denr\u00e9es alimentaires et des quantit\u00e9s consid\u00e9rables de produits d\u00e9tergents et des \u00e9quipements m\u00e9dicaux\u00a0\u00bb, ajoutant que cette op\u00e9ration \u00ab\u00a0est en cours\u00a0\u00bb.\u00a0 Il a rappel\u00e9, dans ce cadre que \u00ab\u00a02.200.000 citoyens ont b\u00e9n\u00e9fici\u00e9 de l&rsquo;allocation de 10.000 DA, au titre du couffin de Ramadan annuel, laquelle a \u00e9t\u00e9 vers\u00e9e, la veille du mois sacr\u00e9, aux comptes ccp des concern\u00e9s\u00a0\u00bb.\u00a0\u00a0<\/div>\n<\/div>\n<p>Auteur: Ismain<br \/>\n<a href=\"https:\/\/www.reflexiondz.net\/LUTTE-CONTRE-LA-COVID-19-Les-dons-numeraires-s-elevent-a-3-milliards-DA_a62696.html\">Cliquez ici pour lire l&rsquo;article depuis sa source.<\/a><\/p>\n","protected":false},"excerpt":{"rendered":"<p>S&rsquo;exprimant lors d&rsquo;une conf\u00e9rence de presse, le Porte-parole de la Pr\u00e9sidence de la R\u00e9publique a affirm\u00e9 que \u00ab\u00a0ces fonds seront distribu\u00e9s \u00e0 leurs v\u00e9ritables ayants-droit et les personnes l\u00e9s\u00e9es par la pand\u00e9mie, en fonction des crit\u00e8res transparents fix\u00e9s par une commission pr\u00e9sid\u00e9e par le Premier ministre et constitu\u00e9e des repr\u00e9sentants du Croissant rouge alg\u00e9rien (CRA) [&hellip;]<\/p>\n","protected":false},"author":1740,"featured_media":0,"comment_status":"closed","ping_status":"closed","sticky":false,"template":"","format":"standard","meta":{"fifu_image_url":"","fifu_image_alt":"","footnotes":""},"categories":[53,76],"tags":[],"class_list":["post-85483","post","type-post","status-publish","format-standard","hentry","category-algerie","category-regions"],"_links":{"self":[{"href":"https:\/\/linitiative.ca\/International\/wp-json\/wp\/v2\/posts\/85483","targetHints":{"allow":["GET"]}}],"collection":[{"href":"https:\/\/linitiative.ca\/International\/wp-json\/wp\/v2\/posts"}],"about":[{"href":"https:\/\/linitiative.ca\/International\/wp-json\/wp\/v2\/types\/post"}],"author":[{"embeddable":true,"href":"https:\/\/linitiative.ca\/International\/wp-json\/wp\/v2\/users\/1740"}],"replies":[{"embeddable":true,"href":"https:\/\/linitiative.ca\/International\/wp-json\/wp\/v2\/comments?post=85483"}],"version-history":[{"count":0,"href":"https:\/\/linitiative.ca\/International\/wp-json\/wp\/v2\/posts\/85483\/revisions"}],"wp:attachment":[{"href":"https:\/\/linitiative.ca\/International\/wp-json\/wp\/v2\/media?parent=85483"}],"wp:term":[{"taxonomy":"category","embeddable":true,"href":"https:\/\/linitiative.ca\/International\/wp-json\/wp\/v2\/categories?post=85483"},{"taxonomy":"post_tag","embeddable":true,"href":"https:\/\/linitiative.ca\/International\/wp-json\/wp\/v2\/tags?post=85483"}],"curies":[{"name":"wp","href":"https:\/\/api.w.org\/{rel}","templated":true}]}}