{"id":85490,"date":"2020-05-14T06:45:00","date_gmt":"2020-05-14T10:45:00","guid":{"rendered":"https:\/\/linitiative.ca\/International\/ahmed-elleuch-pour-plan-resolu-de-developpement-immediat-de-la-tunisie\/"},"modified":"2020-05-14T06:45:00","modified_gmt":"2020-05-14T10:45:00","slug":"ahmed-elleuch-pour-plan-resolu-de-developpement-immediat-de-la-tunisie","status":"publish","type":"post","link":"https:\/\/linitiative.ca\/International\/ahmed-elleuch-pour-plan-resolu-de-developpement-immediat-de-la-tunisie\/","title":{"rendered":"Ahmed Elleuch : Pour plan r\u00e9solu de d\u00e9veloppement imm\u00e9diat de la Tunisie"},"content":{"rendered":"<p><span class=\"c2\"><em><strong>Par Ahmed Elleuch, consultant en gouvernance environnementale et soci\u00e9tal.<\/strong><\/em><\/span> Apr\u00e8s avoir \u00abaccompagn\u00e9\u00bb le parcours du d\u00e9veloppement \u00e9conomique de mon pays, depuis un peu plus de 25 ans, j&rsquo;ai constat\u00e9 \u00e0 mon retour, apr\u00e8s avoir boucl\u00e9 mes \u00e9tudes d\u2019ing\u00e9nierie en R\u00e9publique F\u00e9d\u00e9rale d\u2019Allemagne que les orientations strat\u00e9giques de la Tunisie en mati\u00e8re de promotion de son \u00e9conomie et en particulier l\u2019industrie, n\u2019\u00e9taient pas judicieuses. Il faut dire que les gouvernements, qui se sont succ\u00e9d\u00e9 au pouvoir, depuis plus de trois d\u00e9cennies et m\u00eame depuis les ann\u00e9es 80, n\u2019ont pas pu valoriser l&rsquo;atout g\u00e9ostrat\u00e9gique de la Tunisie, un atout qui\u00a0 est envi\u00e9 par les plus grandes puissances \u00e9conomiques mondiales, mais qui n&rsquo;a pas \u00e9t\u00e9 exploit\u00e9 en raison d&rsquo;une rigidit\u00e9 politique et d&rsquo;un manque d\u2019imagination et d\u2019une vraie pens\u00e9e syst\u00e9mique de nos dirigeants.<\/p>\n<p>Nous avons b\u00e2ti notre d\u00e9veloppement socio-\u00e9conomique sur des r\u00e9glementations \u00e9conomiques, bas\u00e9es sur des march\u00e9s \u00e0 faible valeur ajout\u00e9e comme les textiles, la fabrication de faisceaux \u00e9lectriques, le tourisme de masse et j\u2019en passe, etc. qui se r\u00e9v\u00e8lent aujourd\u2019hui et m\u00eame depuis tr\u00e8s longtemps, d\u00e9pass\u00e9s, et non rentables, du moins sur le plan micro\u00e9conomique.Nous avons eu une opportunit\u00e9 unique \u00e0 pr\u00e9valoir, apr\u00e8s la r\u00e9volution de 2011, qui avait essentiellement une connotation sociale, de changer notre logiciel \u00e9conomique, mais d\u2019autres pr\u00e9occupations id\u00e9ologiques&#8230; nous ont \u00e9loign\u00e9s de l\u2019essentiel, celui de l\u2019am\u00e9lioration de la situation socio-\u00e9conomique de notre pays.\u00a0<\/p>\n<p>Aujourd\u2019hui, nous nous retrouvons devant un \u00abpupitre\u00bb o\u00f9 tous les voyants \u00e9conomiques sont au rouge&#8230;Que faire ?<\/p>\n<p>De par ma modeste exp\u00e9rience dans les domaines du d\u00e9veloppement strat\u00e9gique d\u2019\u00e9conomies \u00e9mergentes, la Tunisie se doit de changer rapidement de cap et se repositionner par rapport \u00e0 la nouvelle donne \u00e9conomique mondiale, en particulier celle du post covid.<\/p>\n<p>Pour me r\u00e9sumer, le plan de r\u00e9solution de d\u00e9veloppement \u00abimm\u00e9diat\u00bb de la Tunisie devra se focaliser, cette fois-ci, sur des secteurs bien pr\u00e9cis et sans aucune ambigu\u00eft\u00e9, \u00e0 savoir:<\/p>\n<p class=\"c3\"><span class=\"c2\"><strong>1)<\/strong><\/span> La logistique maritime \u00e0 grande \u00e9chelle, pour \u00eatre au service du commerce mondial (le futur d\u00e9clin des \u00e9changes avec la Chine oblige!) et faire valoir son exceptionnelle position g\u00e9ographique. On pourra s\u2019inspirer des hollandais et de leur expertise, via m\u00eame la coop\u00e9ration bilat\u00e9rale ! (port de Rotterdam et ses dispositifs logistiques et de manutention). La Tunisie aura, notamment, \u00e0 travers cette m\u00e9ga plate-forme commerciale, des facilit\u00e9s et des avantages de comp\u00e9titivit\u00e9 pour booster davantage ses exportations<\/p>\n<p class=\"c3\"><span class=\"c2\"><strong>2)<\/strong><\/span> L\u2019industrialisation et la modernisation de notre agriculture et le d\u00e9veloppement du secteur agroalimentaire en favorisant les productions biologiques et la conformit\u00e9 aux normes internationales. Beaucoup d\u2019emplois pourraient \u00eatre absorb\u00e9s par ces secteurs, en particulier l\u2019agriculture restructur\u00e9e, avec une meilleure reconstitution de ses cha\u00eenes de valeur !<\/p>\n<p class=\"c3\"><span class=\"c2\"><strong>3)<\/strong><\/span> Renforcer l\u2019industrie pharmaceutique et l\u2019industrie de fabrication d\u2019\u00e9quipements m\u00e9dicaux et des produits sanitaires<\/p>\n<p class=\"c3\"><span class=\"c2\"><strong>4)<\/strong><\/span> Encourager l\u2019industrie num\u00e9rique \u00ablocale\u00bb (Made in Tunisia)<\/p>\n<p class=\"c3\"><span class=\"c2\"><strong>5)<\/strong><\/span> Acc\u00e9l\u00e9rer le d\u00e9veloppement des \u00e9nergies renouvelables, alternatives, en particulier dans les r\u00e9gions rurales, recul\u00e9es du pays.<\/p>\n<p class=\"c3\"><span class=\"c2\"><strong>6)<\/strong><\/span> Acc\u00e9l\u00e9rer la jonction des r\u00e9gions de l\u2019est avec celles de l\u2019ouest du pays avec une infrastructure digne de l\u2019\u00e9poque que nous vivons (routes express et\/ou des autoroutes)<\/p>\n<p class=\"c3\"><span class=\"c2\"><strong>7)<\/strong><\/span> Promouvoir des projets de Partenariat Public Priv\u00e9 (PPP), en particulier dans le domaine de l\u2019enl\u00e8vement et le traitement\/valorisation des d\u00e9chets m\u00e9nagers et le traitement des d\u00e9chets, dits dangereux.<br \/>Par ailleurs, les secteurs \u00abtraditionnels\u00bb comme le tourisme, les textiles, la fabrication des faisceaux \u00e9lectriques et autres, etc. continueront bien s\u00fbr \u00e0 faire leurs chemins en d\u00e9veloppant de nouvelles niches plus porteuses de valeurs ajout\u00e9es.<\/p>\n<p class=\"c3\"><span class=\"c2\"><strong>8)<\/strong><\/span> Une derni\u00e8re proposition institutionnelle, qui consiste \u00e0 fusionner la sant\u00e9 publique et l\u2019environnement en un seul minist\u00e8re pour cr\u00e9er un super-minist\u00e8re avec un budget cons\u00e9quent, un peu similaire au mod\u00e8le allemand (la GIZ pourrait \u00eatre d\u2019un appui pr\u00e9cieux dans ce domaine).<\/p>\n<p>In fine, notre ch\u00e8re Tunisie m\u00e9rite un avenir plus radieux, digne de son Histoire.<\/p>\n<p class=\"c5\"><strong>Ahmed Elleuch<\/strong><br \/><span class=\"c4\"><em>Directeur du bureau Viverdis<br \/>Consultant en gouvernance environnementale et soci\u00e9tale<\/em><\/span><\/p>\n<p>Auteur:<br \/>\n<a href=\"https:\/\/www.leaders.com.tn\/article\/29926-lettre-ouverte-au-gouvernement\">Cliquez ici pour lire l&rsquo;article depuis sa source.<\/a><\/p>\n","protected":false},"excerpt":{"rendered":"<p>Par Ahmed Elleuch, consultant en gouvernance environnementale et soci\u00e9tal. Apr\u00e8s avoir \u00abaccompagn\u00e9\u00bb le parcours du d\u00e9veloppement \u00e9conomique de mon pays, depuis un peu plus de 25 ans, j&rsquo;ai constat\u00e9 \u00e0 mon retour, apr\u00e8s avoir boucl\u00e9 mes \u00e9tudes d\u2019ing\u00e9nierie en R\u00e9publique F\u00e9d\u00e9rale d\u2019Allemagne que les orientations strat\u00e9giques de la Tunisie en mati\u00e8re de promotion de son [&hellip;]<\/p>\n","protected":false},"author":1772,"featured_media":0,"comment_status":"closed","ping_status":"closed","sticky":false,"template":"","format":"standard","meta":{"fifu_image_url":"","fifu_image_alt":"","footnotes":""},"categories":[73,55],"tags":[],"class_list":["post-85490","post","type-post","status-publish","format-standard","hentry","category-actualite","category-tunisie"],"_links":{"self":[{"href":"https:\/\/linitiative.ca\/International\/wp-json\/wp\/v2\/posts\/85490","targetHints":{"allow":["GET"]}}],"collection":[{"href":"https:\/\/linitiative.ca\/International\/wp-json\/wp\/v2\/posts"}],"about":[{"href":"https:\/\/linitiative.ca\/International\/wp-json\/wp\/v2\/types\/post"}],"author":[{"embeddable":true,"href":"https:\/\/linitiative.ca\/International\/wp-json\/wp\/v2\/users\/1772"}],"replies":[{"embeddable":true,"href":"https:\/\/linitiative.ca\/International\/wp-json\/wp\/v2\/comments?post=85490"}],"version-history":[{"count":0,"href":"https:\/\/linitiative.ca\/International\/wp-json\/wp\/v2\/posts\/85490\/revisions"}],"wp:attachment":[{"href":"https:\/\/linitiative.ca\/International\/wp-json\/wp\/v2\/media?parent=85490"}],"wp:term":[{"taxonomy":"category","embeddable":true,"href":"https:\/\/linitiative.ca\/International\/wp-json\/wp\/v2\/categories?post=85490"},{"taxonomy":"post_tag","embeddable":true,"href":"https:\/\/linitiative.ca\/International\/wp-json\/wp\/v2\/tags?post=85490"}],"curies":[{"name":"wp","href":"https:\/\/api.w.org\/{rel}","templated":true}]}}